{"id":5923,"date":"2024-04-02T14:10:19","date_gmt":"2024-04-02T14:10:19","guid":{"rendered":"https:\/\/revistatrend.com\/?p=5923"},"modified":"2024-04-02T14:10:19","modified_gmt":"2024-04-02T14:10:19","slug":"kohe-te-veshtira-dhe-te-paparashikueshme-per-familjen-mbreterore","status":"publish","type":"post","link":"https:\/\/revistatrend.com\/index.php\/2024\/04\/02\/kohe-te-veshtira-dhe-te-paparashikueshme-per-familjen-mbreterore\/","title":{"rendered":"Koh\u00eb t\u00eb v\u00ebshtira dhe t\u00eb paparashikueshme p\u00ebr familjen mbret\u00ebrore!"},"content":{"rendered":"<p>Lajmi se stafi u p\u00ebrpoq t\u00eb shikonte t\u00eb dh\u00ebnat e saj private mjek\u00ebsore \u00ebsht\u00eb nj\u00eb tjet\u00ebr goditje e madhe p\u00ebr princesh\u00ebn. Pavar\u00ebsisht se k\u00ebrkoi privat\u00ebsi nd\u00ebrsa ajo sh\u00ebrohet nga operacioni, spekulimet p\u00ebr t\u00eb kan\u00eb dal\u00eb jasht\u00eb kontrollit. Ajo u p\u00ebrball me nj\u00eb shqyrtim t\u00eb m\u00ebtejsh\u00ebm n\u00eb pasojat e &#8220;Kate-Gate&#8221; kur k\u00ebrkoi falje p\u00ebr ndryshimin e nj\u00eb fotoje t\u00eb publikuar p\u00ebr Dit\u00ebn e N\u00ebn\u00ebs. Nuk ka dyshim, presioni ndaj princesh\u00ebs \u00ebsht\u00eb i jasht\u00ebzakonsh\u00ebm dhe vjen n\u00eb nj\u00eb koh\u00eb kur ajo po p\u00ebrpiqet t\u00eb rikuperohet pas nj\u00eb operacioni t\u00eb madh. Por q\u00eb kur ajo u largua, komplotet p\u00ebr sh\u00ebndetin e saj jan\u00eb fryr\u00eb. \u00cbsht\u00eb b\u00ebr\u00eb nj\u00eb debat dhe diskutim global, i mbi-amplifikuar nga mediat sociale.<\/p>\n<p>&nbsp;<\/p>\n<p>Pallati Kensington mund t\u00eb b\u00ebj\u00eb pak p\u00ebr t\u00eb qet\u00ebsuar komplotet. Edhe pse ata nuk e komentuan at\u00eb, kishte shpres\u00eb se fotografia e saj n\u00eb nj\u00eb dyqan ferme do t\u00eb shuante disa nga thashethemet. K\u00ebtu ishte nj\u00eb video, e realizuar nga nj\u00eb pjes\u00ebtar i publikut, ku tregonte Kate-n\u00eb, me William-in dhe duke shkuar n\u00eb pazar. Nj\u00eb imazh kaq i zakonsh\u00ebm, por k\u00ebto jan\u00eb koh\u00eb t\u00eb jasht\u00ebzakonshme, dhe kjo foto u b\u00eb menj\u00ebher\u00eb nj\u00eb lajm kryesor. N\u00ebse b\u00ebjm\u00eb nj\u00eb hap prapa, ajo q\u00eb kemi m\u00ebsuar q\u00eb nga mungesa e Kate \u00ebsht\u00eb se etja e publikut p\u00ebr informacion t\u00eb menj\u00ebhersh\u00ebm tejkalon lutjen e pallatit p\u00ebr privat\u00ebsi.<\/p>\n<p><img fetchpriority=\"high\" decoding=\"async\" class=\"alignnone size-full wp-image-5924\" src=\"https:\/\/revistatrend.com\/wp-content\/uploads\/2024\/04\/1200-630-65facf699bc8c.jpeg\" alt=\"\" width=\"1200\" height=\"630\" srcset=\"https:\/\/revistatrend.com\/wp-content\/uploads\/2024\/04\/1200-630-65facf699bc8c.jpeg 1200w, https:\/\/revistatrend.com\/wp-content\/uploads\/2024\/04\/1200-630-65facf699bc8c-300x158.jpeg 300w, https:\/\/revistatrend.com\/wp-content\/uploads\/2024\/04\/1200-630-65facf699bc8c-1024x538.jpeg 1024w, https:\/\/revistatrend.com\/wp-content\/uploads\/2024\/04\/1200-630-65facf699bc8c-768x403.jpeg 768w, https:\/\/revistatrend.com\/wp-content\/uploads\/2024\/04\/1200-630-65facf699bc8c-150x79.jpeg 150w, https:\/\/revistatrend.com\/wp-content\/uploads\/2024\/04\/1200-630-65facf699bc8c-450x236.jpeg 450w\" sizes=\"(max-width: 1200px) 100vw, 1200px\" \/><\/p>\n<p>Kjo \u00ebsht\u00eb arsyeja pse thashethemet e \u00e7uditshme dhe t\u00eb pav\u00ebrteta kan\u00eb gjetur audienc\u00eb. \u00cbsht\u00eb nj\u00eb koh\u00eb ve\u00e7an\u00ebrisht e v\u00ebshtir\u00eb p\u00ebr Princin William. Jo vet\u00ebm q\u00eb i l\u00eb n\u00eb hije gj\u00ebrat p\u00ebr t\u00eb cilat ai m\u00eb mir\u00eb do t\u00eb fliste, si projekti i tij kryesor i t\u00eb pastreh\u00ebve, por \u00ebsht\u00eb gjithashtu nj\u00eb sulm i drejtp\u00ebrdrejt\u00eb ndaj nj\u00eb prej gj\u00ebrave q\u00eb ai vler\u00ebson m\u00eb shum\u00eb, privat\u00ebsin\u00eb e familjes s\u00eb tij. Tani p\u00ebr tani, \u00e7ifti duhet t\u00eb p\u00ebrballet me stuhin\u00eb me Uilliam duke u p\u00ebrpjekur t\u00eb vazhdoj\u00eb me detyrat e tij t\u00eb p\u00ebrditshme. Ai duhet t\u00eb jet\u00eb duke num\u00ebruar dit\u00ebt deri n\u00eb pushimin e Pashk\u00ebve. I favorizuar prej koh\u00ebsh nga Familja Mbret\u00ebrore, spitali privat trajtonte princesh\u00ebn dhe mbretin n\u00eb t\u00eb nj\u00ebjt\u00ebn koh\u00eb. Zakonisht \u00ebsht\u00eb i aft\u00eb p\u00ebr t\u00eb pasur pacient\u00eb t\u00eb profilit t\u00eb lart\u00eb. K\u00ebto jan\u00eb koh\u00ebt m\u00eb t\u00eb v\u00ebshtira dhe t\u00eb paparashikueshme p\u00ebr familjen mbret\u00ebrore.<\/p>\n<p>\u00c7far\u00ebdo q\u00eb t\u00eb ndodh\u00eb m\u00eb pas, rikthimi i Kate n\u00eb jet\u00ebn publike do t\u00eb duhet t\u00eb menaxhohet me shum\u00eb kujdes.<\/p>\n","protected":false},"excerpt":{"rendered":"<p>Lajmi se stafi u p\u00ebrpoq t\u00eb shikonte t\u00eb dh\u00ebnat e saj private mjek\u00ebsore \u00ebsht\u00eb nj\u00eb tjet\u00ebr goditje e madhe p\u00ebr princesh\u00ebn. Pavar\u00ebsisht se k\u00ebrkoi privat\u00ebsi nd\u00ebrsa ajo sh\u00ebrohet nga operacioni, spekulimet p\u00ebr t\u00eb kan\u00eb dal\u00eb jasht\u00eb kontrollit. Ajo u p\u00ebrball me nj\u00eb shqyrtim t\u00eb m\u00ebtejsh\u00ebm n\u00eb pasojat e &#8220;Kate-Gate&#8221; kur k\u00ebrkoi falje p\u00ebr ndryshimin e<\/p>\n","protected":false},"author":1,"featured_media":5925,"comment_status":"open","ping_status":"open","sticky":false,"template":"","format":"standard","meta":{"footnotes":""},"categories":[10],"tags":[],"class_list":{"0":"post-5923","1":"post","2":"type-post","3":"status-publish","4":"format-standard","5":"has-post-thumbnail","7":"category-showbiz"},"_links":{"self":[{"href":"https:\/\/revistatrend.com\/index.php\/wp-json\/wp\/v2\/posts\/5923","targetHints":{"allow":["GET"]}}],"collection":[{"href":"https:\/\/revistatrend.com\/index.php\/wp-json\/wp\/v2\/posts"}],"about":[{"href":"https:\/\/revistatrend.com\/index.php\/wp-json\/wp\/v2\/types\/post"}],"author":[{"embeddable":true,"href":"https:\/\/revistatrend.com\/index.php\/wp-json\/wp\/v2\/users\/1"}],"replies":[{"embeddable":true,"href":"https:\/\/revistatrend.com\/index.php\/wp-json\/wp\/v2\/comments?post=5923"}],"version-history":[{"count":1,"href":"https:\/\/revistatrend.com\/index.php\/wp-json\/wp\/v2\/posts\/5923\/revisions"}],"predecessor-version":[{"id":5926,"href":"https:\/\/revistatrend.com\/index.php\/wp-json\/wp\/v2\/posts\/5923\/revisions\/5926"}],"wp:featuredmedia":[{"embeddable":true,"href":"https:\/\/revistatrend.com\/index.php\/wp-json\/wp\/v2\/media\/5925"}],"wp:attachment":[{"href":"https:\/\/revistatrend.com\/index.php\/wp-json\/wp\/v2\/media?parent=5923"}],"wp:term":[{"taxonomy":"category","embeddable":true,"href":"https:\/\/revistatrend.com\/index.php\/wp-json\/wp\/v2\/categories?post=5923"},{"taxonomy":"post_tag","embeddable":true,"href":"https:\/\/revistatrend.com\/index.php\/wp-json\/wp\/v2\/tags?post=5923"}],"curies":[{"name":"wp","href":"https:\/\/api.w.org\/{rel}","templated":true}]}}