{"id":5943,"date":"2024-04-02T15:40:30","date_gmt":"2024-04-02T15:40:30","guid":{"rendered":"https:\/\/revistatrend.com\/?p=5943"},"modified":"2024-04-04T00:24:04","modified_gmt":"2024-04-04T00:24:04","slug":"trend-excellence-villat-shkreli","status":"publish","type":"post","link":"https:\/\/revistatrend.com\/index.php\/2024\/04\/02\/trend-excellence-villat-shkreli\/","title":{"rendered":"TREND\u00a0 EXCELLENCE\u00a0 \u2013 \u201cVILLAT SHKRELI RELAX&#8221;"},"content":{"rendered":"<h2><strong>TREND\u00a0 EXCELLENCE\u00a0 \u2013 \u201cVILLAT SHKRELI RELAX&#8221;<\/strong><\/h2>\n<h4><strong>Perzgjedhur ne kategorine e \u201cHOTELS\u201d\u00a0 ne \u201cAwards Business Trend Kosova 2024\u201d<\/strong><\/h4>\n<p><strong>\u201cAwards Business Trend Kosova 2024\u201d<\/strong>\u00a0\u00ebsht\u00eb evenimenti i vler\u00ebsimit t\u00eb bizneseve\u00a0 dhe subjekteve m\u00eb t\u00eb p\u00eblqyera n\u00eb Kosov\u00eb dhe jashte saj\u00a0 p\u00ebr sezonin 2023 \u2013 2024. Evenimenti po realizohet p\u00ebr her\u00eb t\u00eb par\u00eb n\u00eb Kosov\u00eb dhe p\u00ebr her\u00eb t\u00eb 7-t\u00eb n\u00eb Shqip\u00ebri. Pas fushat\u00ebs disa mujore t\u00eb sondazheve t\u00eb realizuara n\u00eb 3 rryma t\u00eb ndryshme, tashm\u00eb ambasador\u00ebt q\u00eb p\u00ebrfaq\u00ebsojn\u00eb ngjarjen m\u00eb t\u00eb madhe t\u00eb biznesit n\u00eb Kosov\u00eb, kan\u00eb dh\u00ebn\u00eb mendimet e tyre p\u00ebr bizneset dhe personazhet m\u00eb t\u00eb p\u00eblqyera p\u00ebr sezonin 2023 \u2013 2024. Juria profesionale e p\u00ebrb\u00ebr\u00eb nga \u201cTrend Ambassador\u201d n\u00eb emrat e shquar: Albina Kelmendi \u2013 Labinot Krasniqi, Teuta Krasniqi \u2013 Sellma Kasumoviq \u2013 Agnesa Vuthaj \u2013 Ilir Geci \u2013 Blerona Zeqiri \u2013 Arian Zeka \u2013 Shemsije Dermaku \u2013 Bedri Kasumi &amp; Kushtrim Ajvazi \u2013 Lena Krasniqi \u2013 Arian Idrizaj \u2013 Alban Zogjani \u2013 Agim Shanini. Ekipi Trend Ambassador 2024 shpreh vler\u00ebsimet maksimale p\u00ebr subjektet e perzgjedhura ne maratonen e publikimeve te tyre\u00a0 \u201d. Kliko:\u00a0<a href=\"https:\/\/www.youtube.com\/watch?v=V50sf73LUk8&amp;t=3s\">https:\/\/www.youtube.com\/watch?v=V50sf73LUk8&amp;t=3s<\/a><\/p>\n<h5>Villat Shkreli Relax, nj\u00eb oaz i qet\u00ebsis\u00eb dhe bukuris\u00eb n\u00eb zem\u00ebr t\u00eb Pej\u00ebs, ofrojn\u00eb nj\u00eb p\u00ebrvoj\u00eb t\u00eb pamohueshme p\u00ebr t\u00eb gjith\u00eb vizitor\u00ebt e tyre. Vendosur vet\u00ebm 42 km larg liqenit t\u00eb Plav\u00ebs dhe 44 km larg Manastirit t\u00eb Visoki De\u00e7anit, k\u00ebto vile ofrojn\u00eb nj\u00eb udh\u00ebtim t\u00eb mahnitsh\u00ebm p\u00ebr t\u00eb p\u00ebrjetuar natyr\u00ebn dhe kultur\u00ebn e zon\u00ebs s\u00eb Pej\u00ebs.<\/h5>\n<p><img fetchpriority=\"high\" decoding=\"async\" class=\"alignnone size-full wp-image-5946\" src=\"https:\/\/revistatrend.com\/wp-content\/uploads\/2024\/04\/386402152.jpg\" alt=\"\" width=\"900\" height=\"900\" srcset=\"https:\/\/revistatrend.com\/wp-content\/uploads\/2024\/04\/386402152.jpg 900w, https:\/\/revistatrend.com\/wp-content\/uploads\/2024\/04\/386402152-300x300.jpg 300w, https:\/\/revistatrend.com\/wp-content\/uploads\/2024\/04\/386402152-150x150.jpg 150w, https:\/\/revistatrend.com\/wp-content\/uploads\/2024\/04\/386402152-768x768.jpg 768w, https:\/\/revistatrend.com\/wp-content\/uploads\/2024\/04\/386402152-450x450.jpg 450w\" sizes=\"(max-width: 900px) 100vw, 900px\" \/><\/p>\n<p>\u00c7do vil\u00eb ka nj\u00eb tarrac\u00eb private dhe pamje t\u00eb mrekullueshme t\u00eb maleve p\u00ebrreth. Me dy dhoma gjumi, nj\u00eb dhom\u00eb t\u00eb gjall\u00eb t\u00eb bukur, dhe nj\u00eb kuzhin\u00eb t\u00eb pajisur me gjith\u00e7ka q\u00eb mund t\u00eb nevojitet, si makin\u00eb lar\u00ebse en\u00ebsh dhe furr\u00eb, Villat Shkreli ofrojn\u00eb nj\u00eb ambient t\u00eb mrekulluesh\u00ebm p\u00ebr t\u00eb ndjekur t\u00eb gjitha nevojat dhe preferencat e mysafir\u00ebve t\u00eb tyre.<\/p>\n<p>P\u00ebrve\u00e7 k\u00ebsaj, pamjet e kopshtit dhe aksesori shtes\u00eb si ver\u00eb ose shampanj\u00eb b\u00ebjn\u00eb q\u00eb q\u00ebndrimi n\u00eb k\u00ebto vile t\u00eb jet\u00eb m\u00eb shum\u00eb se nj\u00eb thjesht pushim &#8211; \u00ebsht\u00eb nj\u00eb p\u00ebrvoj\u00eb e v\u00ebrtet\u00eb artistike dhe shpirt\u00ebrore p\u00ebr t\u00eb p\u00ebrjetuar bukurin\u00eb dhe qet\u00ebsin\u00eb e natyr\u00ebs.<\/p>\n<p>Nd\u00ebrkoh\u00eb q\u00eb jeni t\u00eb vendosur t\u00eb shijoni bukurin\u00eb e k\u00ebtij vendi, mund t\u00eb p\u00ebrfitoni edhe nga akseset p\u00ebr t\u00eb vizituar Muzeun Etnologjik t\u00eb Pej\u00ebs, i cili ndodhet vet\u00ebm 28 km larg. Dhe kur \u00ebsht\u00eb koha p\u00ebr t\u00eb larguar, Aeroporti Nd\u00ebrkomb\u00ebtar i Prishtin\u00ebs \u00ebsht\u00eb vet\u00ebm 97 km larg, duke e b\u00ebr\u00eb q\u00eb k\u00ebt\u00eb destinacion t\u00eb jet\u00eb shum\u00eb t\u00eb qassh\u00ebm p\u00ebr udh\u00ebtar\u00ebt e gjith\u00eb bot\u00ebs. Villat Shkreli, nj\u00eb destinacion q\u00eb \u00e7do udh\u00ebtar \u00ebnd\u00ebrron p\u00ebr t\u00eb gjetur nj\u00eb frym\u00ebzim t\u00eb v\u00ebrtet\u00eb dhe nj\u00eb p\u00ebrgjigje ndaj shpirtit t\u00eb tyre artistik.<\/p>\n<p><img decoding=\"async\" class=\"alignnone size-full wp-image-5944\" src=\"https:\/\/revistatrend.com\/wp-content\/uploads\/2024\/04\/386402123.jpg\" alt=\"\" width=\"725\" height=\"900\" srcset=\"https:\/\/revistatrend.com\/wp-content\/uploads\/2024\/04\/386402123.jpg 725w, https:\/\/revistatrend.com\/wp-content\/uploads\/2024\/04\/386402123-242x300.jpg 242w, https:\/\/revistatrend.com\/wp-content\/uploads\/2024\/04\/386402123-150x186.jpg 150w, https:\/\/revistatrend.com\/wp-content\/uploads\/2024\/04\/386402123-450x559.jpg 450w\" sizes=\"(max-width: 725px) 100vw, 725px\" \/><\/p>\n<p>&nbsp;<\/p>\n","protected":false},"excerpt":{"rendered":"<p>TREND\u00a0 EXCELLENCE\u00a0 \u2013 \u201cVILLAT SHKRELI RELAX&#8221; Perzgjedhur ne kategorine e \u201cHOTELS\u201d\u00a0 ne \u201cAwards Business Trend Kosova 2024\u201d \u201cAwards Business Trend Kosova 2024\u201d\u00a0\u00ebsht\u00eb evenimenti i vler\u00ebsimit t\u00eb bizneseve\u00a0 dhe subjekteve m\u00eb t\u00eb p\u00eblqyera n\u00eb Kosov\u00eb dhe jashte saj\u00a0 p\u00ebr sezonin 2023 \u2013 2024. Evenimenti po realizohet p\u00ebr her\u00eb t\u00eb par\u00eb n\u00eb Kosov\u00eb dhe p\u00ebr her\u00eb t\u00eb<\/p>\n","protected":false},"author":1,"featured_media":5945,"comment_status":"open","ping_status":"open","sticky":false,"template":"","format":"standard","meta":{"footnotes":""},"categories":[125,9,32],"tags":[],"class_list":{"0":"post-5943","1":"post","2":"type-post","3":"status-publish","4":"format-standard","5":"has-post-thumbnail","7":"category-awards-kosova","8":"category-travel","9":"category-trend-business"},"_links":{"self":[{"href":"https:\/\/revistatrend.com\/index.php\/wp-json\/wp\/v2\/posts\/5943","targetHints":{"allow":["GET"]}}],"collection":[{"href":"https:\/\/revistatrend.com\/index.php\/wp-json\/wp\/v2\/posts"}],"about":[{"href":"https:\/\/revistatrend.com\/index.php\/wp-json\/wp\/v2\/types\/post"}],"author":[{"embeddable":true,"href":"https:\/\/revistatrend.com\/index.php\/wp-json\/wp\/v2\/users\/1"}],"replies":[{"embeddable":true,"href":"https:\/\/revistatrend.com\/index.php\/wp-json\/wp\/v2\/comments?post=5943"}],"version-history":[{"count":2,"href":"https:\/\/revistatrend.com\/index.php\/wp-json\/wp\/v2\/posts\/5943\/revisions"}],"predecessor-version":[{"id":6111,"href":"https:\/\/revistatrend.com\/index.php\/wp-json\/wp\/v2\/posts\/5943\/revisions\/6111"}],"wp:featuredmedia":[{"embeddable":true,"href":"https:\/\/revistatrend.com\/index.php\/wp-json\/wp\/v2\/media\/5945"}],"wp:attachment":[{"href":"https:\/\/revistatrend.com\/index.php\/wp-json\/wp\/v2\/media?parent=5943"}],"wp:term":[{"taxonomy":"category","embeddable":true,"href":"https:\/\/revistatrend.com\/index.php\/wp-json\/wp\/v2\/categories?post=5943"},{"taxonomy":"post_tag","embeddable":true,"href":"https:\/\/revistatrend.com\/index.php\/wp-json\/wp\/v2\/tags?post=5943"}],"curies":[{"name":"wp","href":"https:\/\/api.w.org\/{rel}","templated":true}]}}