{"id":6043,"date":"2024-04-03T13:07:24","date_gmt":"2024-04-03T13:07:24","guid":{"rendered":"https:\/\/revistatrend.com\/?p=6043"},"modified":"2024-04-03T13:07:24","modified_gmt":"2024-04-03T13:07:24","slug":"i-shkoja-ne-zyre-kam-qene-xheloze-mariana-kondi-rrefen-njohjen-me-bashkeshortin","status":"publish","type":"post","link":"https:\/\/revistatrend.com\/index.php\/2024\/04\/03\/i-shkoja-ne-zyre-kam-qene-xheloze-mariana-kondi-rrefen-njohjen-me-bashkeshortin\/","title":{"rendered":"\u201cI shkoja n\u00eb zyr\u00eb, kam qen\u00eb xheloze\u201d\/ Mariana Kondi rr\u00ebfen njohjen me bashk\u00ebshortin!"},"content":{"rendered":"<p>Aktorja Mariana Kondi n\u00eb nj\u00eb bashk\u00ebbisedim me Dijonisin ka shprehur hapur mallin q\u00eb ndjen p\u00ebr familjen e saj jasht\u00eb. Mariana thot\u00eb se ajo ka vet\u00ebm nj\u00eb vajz\u00eb e cila \u00ebsht\u00eb e martuar me f\u00ebmij\u00eb dhe nuk jeton me ta dhe se n\u00eb sht\u00ebpi ka vet\u00ebm bashk\u00ebshortin.<\/p>\n<p><img fetchpriority=\"high\" decoding=\"async\" class=\"alignnone size-full wp-image-6044\" src=\"https:\/\/revistatrend.com\/wp-content\/uploads\/2024\/04\/640-0-2fe7d3e52414d2dd7d350398a98e9fa2.jpg\" alt=\"\" width=\"640\" height=\"791\" srcset=\"https:\/\/revistatrend.com\/wp-content\/uploads\/2024\/04\/640-0-2fe7d3e52414d2dd7d350398a98e9fa2.jpg 640w, https:\/\/revistatrend.com\/wp-content\/uploads\/2024\/04\/640-0-2fe7d3e52414d2dd7d350398a98e9fa2-243x300.jpg 243w, https:\/\/revistatrend.com\/wp-content\/uploads\/2024\/04\/640-0-2fe7d3e52414d2dd7d350398a98e9fa2-150x185.jpg 150w, https:\/\/revistatrend.com\/wp-content\/uploads\/2024\/04\/640-0-2fe7d3e52414d2dd7d350398a98e9fa2-450x556.jpg 450w\" sizes=\"(max-width: 640px) 100vw, 640px\" \/><\/p>\n<p>Teksa ka folur p\u00ebr marr\u00ebdh\u00ebnien n\u00eb \u00e7ift, aktorja ka treguar se i shkonte bashk\u00ebshortit n\u00eb zyr\u00eb, pa e njoftuar m\u00eb par\u00eb dhe p\u00ebr ta par\u00eb se \u00e7far\u00eb po b\u00ebnte.<\/p>\n<p>\u201cNa k\u00ebputi malli p\u00ebr ata t\u00eb sht\u00ebpis\u00eb. Nj\u00eb f\u00ebmij\u00eb kam un\u00eb dhe at\u00eb nuk e kam n\u00eb sht\u00ebpi. Dhe burrin e kam merak, \u00e7far\u00eb po ha, \u00e7far\u00eb po b\u00ebn. Kam qen\u00eb xheloze, m\u00eb shum\u00eb se ai. I shkoja n\u00eb zyr\u00eb dhe hapja der\u00ebn dhe shikoja. Ai \u00ebsht\u00eb shum\u00eb i mir\u00eb. Jemi njohur n\u00eb plazh, n\u00eb Durr\u00ebs. Me origjin\u00eb \u00ebsht\u00eb nga Tirana\u201d, tha nd\u00ebr t\u00eb tjera Mariana.<\/p>\n","protected":false},"excerpt":{"rendered":"<p>Aktorja Mariana Kondi n\u00eb nj\u00eb bashk\u00ebbisedim me Dijonisin ka shprehur hapur mallin q\u00eb ndjen p\u00ebr familjen e saj jasht\u00eb. Mariana thot\u00eb se ajo ka vet\u00ebm nj\u00eb vajz\u00eb e cila \u00ebsht\u00eb e martuar me f\u00ebmij\u00eb dhe nuk jeton me ta dhe se n\u00eb sht\u00ebpi ka vet\u00ebm bashk\u00ebshortin. Teksa ka folur p\u00ebr marr\u00ebdh\u00ebnien n\u00eb \u00e7ift, aktorja ka<\/p>\n","protected":false},"author":1,"featured_media":6045,"comment_status":"open","ping_status":"open","sticky":false,"template":"","format":"standard","meta":{"footnotes":""},"categories":[10],"tags":[],"class_list":{"0":"post-6043","1":"post","2":"type-post","3":"status-publish","4":"format-standard","5":"has-post-thumbnail","7":"category-showbiz"},"_links":{"self":[{"href":"https:\/\/revistatrend.com\/index.php\/wp-json\/wp\/v2\/posts\/6043","targetHints":{"allow":["GET"]}}],"collection":[{"href":"https:\/\/revistatrend.com\/index.php\/wp-json\/wp\/v2\/posts"}],"about":[{"href":"https:\/\/revistatrend.com\/index.php\/wp-json\/wp\/v2\/types\/post"}],"author":[{"embeddable":true,"href":"https:\/\/revistatrend.com\/index.php\/wp-json\/wp\/v2\/users\/1"}],"replies":[{"embeddable":true,"href":"https:\/\/revistatrend.com\/index.php\/wp-json\/wp\/v2\/comments?post=6043"}],"version-history":[{"count":1,"href":"https:\/\/revistatrend.com\/index.php\/wp-json\/wp\/v2\/posts\/6043\/revisions"}],"predecessor-version":[{"id":6046,"href":"https:\/\/revistatrend.com\/index.php\/wp-json\/wp\/v2\/posts\/6043\/revisions\/6046"}],"wp:featuredmedia":[{"embeddable":true,"href":"https:\/\/revistatrend.com\/index.php\/wp-json\/wp\/v2\/media\/6045"}],"wp:attachment":[{"href":"https:\/\/revistatrend.com\/index.php\/wp-json\/wp\/v2\/media?parent=6043"}],"wp:term":[{"taxonomy":"category","embeddable":true,"href":"https:\/\/revistatrend.com\/index.php\/wp-json\/wp\/v2\/categories?post=6043"},{"taxonomy":"post_tag","embeddable":true,"href":"https:\/\/revistatrend.com\/index.php\/wp-json\/wp\/v2\/tags?post=6043"}],"curies":[{"name":"wp","href":"https:\/\/api.w.org\/{rel}","templated":true}]}}