{"id":6086,"date":"2024-04-03T19:17:02","date_gmt":"2024-04-03T19:17:02","guid":{"rendered":"https:\/\/revistatrend.com\/?p=6086"},"modified":"2024-04-03T19:17:02","modified_gmt":"2024-04-03T19:17:02","slug":"trend-excellence-al-trade-center","status":"publish","type":"post","link":"https:\/\/revistatrend.com\/index.php\/2024\/04\/03\/trend-excellence-al-trade-center\/","title":{"rendered":"TREND\u00a0 EXCELLENCE\u00a0 \u2013 \u201cAL TRADE CENTER&#8221;"},"content":{"rendered":"<h2><strong>TREND\u00a0 EXCELLENCE\u00a0 \u2013 \u201cAL TRADE CENTER&#8221;<\/strong><\/h2>\n<h4><strong>Perzgjedhur ne kategorine e \u201cMULTI GROUP\u201d\u00a0 ne \u201cAwards Business Trend Kosova 2024\u201d<\/strong><\/h4>\n<p><strong>\u201cAwards Business Trend Kosova 2024\u201d<\/strong>\u00a0\u00ebsht\u00eb evenimenti i vler\u00ebsimit t\u00eb bizneseve\u00a0 dhe subjekteve m\u00eb t\u00eb p\u00eblqyera n\u00eb Kosov\u00eb dhe jashte saj\u00a0 p\u00ebr sezonin 2023 \u2013 2024. Evenimenti po realizohet p\u00ebr her\u00eb t\u00eb par\u00eb n\u00eb Kosov\u00eb dhe p\u00ebr her\u00eb t\u00eb 7-t\u00eb n\u00eb Shqip\u00ebri. Pas fushat\u00ebs disa mujore t\u00eb sondazheve t\u00eb realizuara n\u00eb 3 rryma t\u00eb ndryshme, tashm\u00eb ambasador\u00ebt q\u00eb p\u00ebrfaq\u00ebsojn\u00eb ngjarjen m\u00eb t\u00eb madhe t\u00eb biznesit n\u00eb Kosov\u00eb, kan\u00eb dh\u00ebn\u00eb mendimet e tyre p\u00ebr bizneset dhe personazhet m\u00eb t\u00eb p\u00eblqyera p\u00ebr sezonin 2023 \u2013 2024. Juria profesionale e p\u00ebrb\u00ebr\u00eb nga \u201cTrend Ambassador\u201d n\u00eb emrat e shquar: Albina Kelmendi \u2013 Labinot Krasniqi, Teuta Krasniqi \u2013 Sellma Kasumoviq \u2013 Agnesa Vuthaj \u2013 Ilir Geci \u2013 Blerona Zeqiri \u2013 Arian Zeka \u2013 Shemsije Dermaku \u2013 Bedri Kasumi &amp; Kushtrim Ajvazi \u2013 Lena Krasniqi \u2013 Arian Idrizaj \u2013 Alban Zogjani \u2013 Agim Shanini. Ekipi Trend Ambassador 2024 shpreh vler\u00ebsimet maksimale p\u00ebr subjektet e perzgjedhura ne maratonen e publikimeve te tyre\u00a0 \u201d. Kliko:\u00a0<a href=\"https:\/\/www.youtube.com\/watch?v=V50sf73LUk8&amp;t=3s\">https:\/\/www.youtube.com\/watch?v=V50sf73LUk8&amp;t=3s<\/a><\/p>\n<h2><strong>AL TRADE CENTER<\/strong><\/h2>\n<div class=\"elementor-element elementor-element-324a5df3 elementor-widget elementor-widget-text-editor\" data-id=\"324a5df3\" data-element_type=\"widget\" data-widget_type=\"text-editor.default\">\n<div class=\"elementor-widget-container\">\n<p>Kompania Al Trade u themelua n\u00eb vitin 1999, nga v\u00ebllez\u00ebrit e familjes Gashani nga Drenasi. Aktualisht \u00ebsht\u00eb nj\u00ebra prej kompanive udh\u00ebheq\u00ebse t\u00eb nd\u00ebrtimit dhe tregtis\u00eb me materiale nd\u00ebrtimore, e njohur p\u00ebr sh\u00ebrbimet e saja profesionale me cil\u00ebsi t\u00eb lart\u00eb.<\/p>\n<p>Si kompani, ka filluar veprimtarin\u00eb biznesore me orientim n\u00eb furnizim t\u00eb materialit nd\u00ebrtimor. Pas nj\u00eb suksesi t\u00eb madh n\u00eb biznes n\u00eb fush\u00ebn e furnizimit me material nd\u00ebrtimor, si dhe duke u nis\u00eb nga nj\u00eb bashk\u00ebpunim i suksessh\u00ebm me partner\u00eb tjer\u00eb si Agjensioni Evropian p\u00ebr Rind\u00ebrtim, shoqata t\u00eb ndryshme jo-qeveritare dhe humanitare si dhe institucionet vendore e nd\u00ebrkomb\u00ebtare, vizioni i v\u00ebllez\u00ebrve Gashani ishte t\u00eb shtriheshin edhe m\u00eb gjer\u00eb me veprimtarin\u00eb biznesore.<\/p>\n<\/div>\n<\/div>\n<div class=\"elementor-element elementor-element-b5bed3e elementor-widget elementor-widget-heading\" data-id=\"b5bed3e\" data-element_type=\"widget\" data-widget_type=\"heading.default\">\n<div class=\"elementor-widget-container\">\n<h2 class=\"elementor-heading-title elementor-size-default\">Rreth Al Trade Center<\/h2>\n<\/div>\n<\/div>\n<div class=\"elementor-element elementor-element-2d08435c elementor-widget elementor-widget-text-editor\" data-id=\"2d08435c\" data-element_type=\"widget\" data-widget_type=\"text-editor.default\">\n<div class=\"elementor-widget-container\">\n<p>K\u00ebshtu q\u00eb, n\u00eb vitin 2012 bashk\u00eb-themeloh\u00ebt kompania tjet\u00ebr Al Trade Center, duke u orientuar edhe n\u00eb tregtin\u00eb me pakic\u00eb me qendr\u00ebn e par\u00eb tregtare Al Trade Center, ku p\u00ebrurimi u b\u00eb me 21 Shkurt 2012 n\u00eb Drenas, aty ku edhe gjend\u00ebt sot selia e kompanis\u00eb am\u00eb Al Trade. M\u00eb von\u00eb pason shtrirja e biznesit n\u00eb fush\u00ebn e nd\u00ebrtimit dhe shitjes t\u00eb banesave, me projekte tejet t\u00eb suksesshme si Kompleksi Linda 1 dhe Linda 3 krahas k\u00ebsaj edhe me patundshm\u00ebri.<\/p>\n<p class=\"mt-lg\">N\u00eb t\u00eb nj\u00ebjt\u00ebn koh\u00eb, r\u00ebnd\u00ebsi e ve\u00e7ante i kushtohet edhe themelimit t\u00eb Institucionit Parashkollor Linda dhe aktiviteteve tjera biznesore. Al Trade Center n\u00eb Kosov\u00eb po rritet n\u00eb hap me koh\u00ebn, qytetet ku aktualisht ne operojm\u00eb jan\u00eb Fush\u00eb Kosova dhe Drenasi. Mir\u00ebpo, duke u nis\u00eb nga k\u00ebrkesat e shumta p\u00ebr zgjerim dhe potencialin q\u00eb kompania e ka, Al Trade Center planifikon qe s\u00eb shpejti t\u00eb zgjeroj\u00eb aktivitetin biznesor me prezenc\u00ebn e sh\u00ebrbimeve edhe n\u00eb vende tjera.<\/p>\n<p><img fetchpriority=\"high\" decoding=\"async\" class=\"alignnone size-full wp-image-6088\" src=\"https:\/\/revistatrend.com\/wp-content\/uploads\/2024\/04\/347237980_3033371326968292_7915942101165065205_n-1.png\" alt=\"\" width=\"2041\" height=\"896\" srcset=\"https:\/\/revistatrend.com\/wp-content\/uploads\/2024\/04\/347237980_3033371326968292_7915942101165065205_n-1.png 2041w, https:\/\/revistatrend.com\/wp-content\/uploads\/2024\/04\/347237980_3033371326968292_7915942101165065205_n-1-300x132.png 300w, https:\/\/revistatrend.com\/wp-content\/uploads\/2024\/04\/347237980_3033371326968292_7915942101165065205_n-1-1024x450.png 1024w, https:\/\/revistatrend.com\/wp-content\/uploads\/2024\/04\/347237980_3033371326968292_7915942101165065205_n-1-768x337.png 768w, https:\/\/revistatrend.com\/wp-content\/uploads\/2024\/04\/347237980_3033371326968292_7915942101165065205_n-1-1536x674.png 1536w, https:\/\/revistatrend.com\/wp-content\/uploads\/2024\/04\/347237980_3033371326968292_7915942101165065205_n-1-150x66.png 150w, https:\/\/revistatrend.com\/wp-content\/uploads\/2024\/04\/347237980_3033371326968292_7915942101165065205_n-1-450x198.png 450w, https:\/\/revistatrend.com\/wp-content\/uploads\/2024\/04\/347237980_3033371326968292_7915942101165065205_n-1-1200x527.png 1200w\" sizes=\"(max-width: 2041px) 100vw, 2041px\" \/><\/p>\n<h2 class=\"elementor-heading-title elementor-size-default\">Al Trade Center<\/h2>\n<p>Perbehet nga: Al Trade Construction &#8211; Al Trade Market , Al Trade Real Estate &#8211;\u00a0 AL VA &#8211; Instituti Parashkollor Linda.<\/p>\n<p><img decoding=\"async\" class=\"alignnone size-full wp-image-6087\" src=\"https:\/\/revistatrend.com\/wp-content\/uploads\/2024\/04\/419067333_741891004745870_9113006112433290937_n.jpg\" alt=\"\" width=\"1080\" height=\"1080\" srcset=\"https:\/\/revistatrend.com\/wp-content\/uploads\/2024\/04\/419067333_741891004745870_9113006112433290937_n.jpg 1080w, https:\/\/revistatrend.com\/wp-content\/uploads\/2024\/04\/419067333_741891004745870_9113006112433290937_n-300x300.jpg 300w, https:\/\/revistatrend.com\/wp-content\/uploads\/2024\/04\/419067333_741891004745870_9113006112433290937_n-1024x1024.jpg 1024w, https:\/\/revistatrend.com\/wp-content\/uploads\/2024\/04\/419067333_741891004745870_9113006112433290937_n-150x150.jpg 150w, https:\/\/revistatrend.com\/wp-content\/uploads\/2024\/04\/419067333_741891004745870_9113006112433290937_n-768x768.jpg 768w, https:\/\/revistatrend.com\/wp-content\/uploads\/2024\/04\/419067333_741891004745870_9113006112433290937_n-450x450.jpg 450w\" sizes=\"(max-width: 1080px) 100vw, 1080px\" \/><\/p>\n<\/div>\n<\/div>\n<p>&nbsp;<\/p>\n","protected":false},"excerpt":{"rendered":"<p>TREND\u00a0 EXCELLENCE\u00a0 \u2013 \u201cAL TRADE CENTER&#8221; Perzgjedhur ne kategorine e \u201cMULTI GROUP\u201d\u00a0 ne \u201cAwards Business Trend Kosova 2024\u201d \u201cAwards Business Trend Kosova 2024\u201d\u00a0\u00ebsht\u00eb evenimenti i vler\u00ebsimit t\u00eb bizneseve\u00a0 dhe subjekteve m\u00eb t\u00eb p\u00eblqyera n\u00eb Kosov\u00eb dhe jashte saj\u00a0 p\u00ebr sezonin 2023 \u2013 2024. Evenimenti po realizohet p\u00ebr her\u00eb t\u00eb par\u00eb n\u00eb Kosov\u00eb dhe p\u00ebr her\u00eb<\/p>\n","protected":false},"author":1,"featured_media":6089,"comment_status":"open","ping_status":"open","sticky":false,"template":"","format":"standard","meta":{"footnotes":""},"categories":[125,32],"tags":[],"class_list":{"0":"post-6086","1":"post","2":"type-post","3":"status-publish","4":"format-standard","5":"has-post-thumbnail","7":"category-awards-kosova","8":"category-trend-business"},"_links":{"self":[{"href":"https:\/\/revistatrend.com\/index.php\/wp-json\/wp\/v2\/posts\/6086","targetHints":{"allow":["GET"]}}],"collection":[{"href":"https:\/\/revistatrend.com\/index.php\/wp-json\/wp\/v2\/posts"}],"about":[{"href":"https:\/\/revistatrend.com\/index.php\/wp-json\/wp\/v2\/types\/post"}],"author":[{"embeddable":true,"href":"https:\/\/revistatrend.com\/index.php\/wp-json\/wp\/v2\/users\/1"}],"replies":[{"embeddable":true,"href":"https:\/\/revistatrend.com\/index.php\/wp-json\/wp\/v2\/comments?post=6086"}],"version-history":[{"count":1,"href":"https:\/\/revistatrend.com\/index.php\/wp-json\/wp\/v2\/posts\/6086\/revisions"}],"predecessor-version":[{"id":6090,"href":"https:\/\/revistatrend.com\/index.php\/wp-json\/wp\/v2\/posts\/6086\/revisions\/6090"}],"wp:featuredmedia":[{"embeddable":true,"href":"https:\/\/revistatrend.com\/index.php\/wp-json\/wp\/v2\/media\/6089"}],"wp:attachment":[{"href":"https:\/\/revistatrend.com\/index.php\/wp-json\/wp\/v2\/media?parent=6086"}],"wp:term":[{"taxonomy":"category","embeddable":true,"href":"https:\/\/revistatrend.com\/index.php\/wp-json\/wp\/v2\/categories?post=6086"},{"taxonomy":"post_tag","embeddable":true,"href":"https:\/\/revistatrend.com\/index.php\/wp-json\/wp\/v2\/tags?post=6086"}],"curies":[{"name":"wp","href":"https:\/\/api.w.org\/{rel}","templated":true}]}}