{"id":6091,"date":"2024-04-03T19:46:58","date_gmt":"2024-04-03T19:46:58","guid":{"rendered":"https:\/\/revistatrend.com\/?p=6091"},"modified":"2024-04-03T19:46:58","modified_gmt":"2024-04-03T19:46:58","slug":"trend-excellence-minna-fashion","status":"publish","type":"post","link":"https:\/\/revistatrend.com\/index.php\/2024\/04\/03\/trend-excellence-minna-fashion\/","title":{"rendered":"TREND\u00a0 EXCELLENCE\u00a0 \u2013 \u201cMINNA FASHION\u201d\u00a0"},"content":{"rendered":"<h2><strong>TREND\u00a0 EXCELLENCE\u00a0 \u2013 \u201cMINNA FASHION\u201d\u00a0<\/strong><\/h2>\n<h4><strong>Perzgjedhur ne kategorine e \u201cTREND FASHION AMBASSADOR\u201d\u00a0 ne \u201cAwards Business Trend Kosova 2024\u201d<\/strong><\/h4>\n<p><strong>\u201cAwards Business Trend Kosova 2024\u201d<\/strong>\u00a0\u00ebsht\u00eb evenimenti i vler\u00ebsimit t\u00eb bizneseve\u00a0 dhe subjekteve m\u00eb t\u00eb p\u00eblqyera n\u00eb Kosov\u00eb dhe jashte saj\u00a0 p\u00ebr sezonin 2023 \u2013 2024. Evenimenti po realizohet p\u00ebr her\u00eb t\u00eb par\u00eb n\u00eb Kosov\u00eb dhe p\u00ebr her\u00eb t\u00eb 7-t\u00eb n\u00eb Shqip\u00ebri. Pas fushat\u00ebs disa mujore t\u00eb sondazheve t\u00eb realizuara n\u00eb 3 rryma t\u00eb ndryshme, tashm\u00eb ambasador\u00ebt q\u00eb p\u00ebrfaq\u00ebsojn\u00eb ngjarjen m\u00eb t\u00eb madhe t\u00eb biznesit n\u00eb Kosov\u00eb, kan\u00eb dh\u00ebn\u00eb mendimet e tyre p\u00ebr bizneset dhe personazhet m\u00eb t\u00eb p\u00eblqyera p\u00ebr sezonin 2023 \u2013 2024. Juria profesionale e p\u00ebrb\u00ebr\u00eb nga \u201cTrend Ambassador\u201d n\u00eb emrat e shquar: Albina Kelmendi \u2013 Labinot Krasniqi, Teuta Krasniqi \u2013 Sellma Kasumoviq \u2013 Agnesa Vuthaj \u2013 Ilir Geci \u2013 Blerona Zeqiri \u2013 Arian Zeka \u2013 Shemsije Dermaku \u2013 Bedri Kasumi &amp; Kushtrim Ajvazi \u2013 Lena Krasniqi \u2013 Arian Idrizaj \u2013 Alban Zogjani \u2013 Agim Shanini. Ekipi Trend Ambassador 2024 shpreh vler\u00ebsimet maksimale p\u00ebr subjektet e perzgjedhura ne maratonen e publikimeve te tyre\u00a0 \u201d. Kliko:\u00a0<a href=\"https:\/\/www.youtube.com\/watch?v=V50sf73LUk8&amp;t=3s\">https:\/\/www.youtube.com\/watch?v=V50sf73LUk8&amp;t=3s<\/a><\/p>\n<section id=\"shopify-section-template--16779165532404__bb14f053-c2b9-48ac-9643-c409aa71377b\" class=\"shopify-section section\">\n<div class=\"isolate \">\n<div class=\"rich-text content-container color-background-1 gradient rich-text--full-width content-container--full-width section-template--16779165532404__bb14f053-c2b9-48ac-9643-c409aa71377b-padding\">\n<div class=\"rich-text__wrapper rich-text__wrapper--center page-width\">\n<div class=\"rich-text__blocks center\">\n<div class=\"rich-text__text rte scroll-trigger animate--slide-in\" data-cascade=\"\">\n<h5>MINNA FASHION<\/h5>\n<p><span>Minna Fashion, nj\u00eb mark\u00eb vizionare nga Evropa Juglindore e themeluar n\u00eb vitin 2007 nga mendjet krijuese t\u00eb Vjollc\u00ebs dhe Muhamed Salihut, ka dal\u00eb nga fillimet modeste p\u00ebr t&#8217;u b\u00ebr\u00eb nj\u00eb sensacion global i mod\u00ebs. Me pasion t\u00eb pam\u00ebshirsh\u00ebm dhe p\u00ebrkushtim t\u00eb pal\u00ebkundur, kjo dyshe dinamike nisi nj\u00eb rrug\u00ebtim sfidues, duke kap\u00ebrcyer pengesa dhe pengesa t\u00eb shumta p\u00ebr t\u00eb arritur majat e suksesit.<\/span><\/p>\n<p><span>N\u00eb dit\u00ebt e para, Minna Fashion filloi si nj\u00eb butik i vog\u00ebl, duke ofruar nj\u00eb koleksion t\u00eb kuruar me kujdes t\u00eb dizajneve unike dhe veshjeve cil\u00ebsore. Themeluesit derdh\u00ebn zemr\u00ebn dhe shpirtin e tyre n\u00eb \u00e7do thurje, duke u siguruar q\u00eb \u00e7do pjes\u00eb t\u00eb shfaqte p\u00ebrkushtimin e tyre ndaj mjesht\u00ebris\u00eb dhe artit. Nd\u00ebrsa u p\u00ebrhap\u00ebn fjal\u00eb p\u00ebr krijimet e tyre t\u00eb jasht\u00ebzakonshme, Minna Fashion filloi t\u00eb fitonte njohje, duke nd\u00ebrtuar ngadal\u00eb nj\u00eb klientel\u00eb besnike.<\/span><\/p>\n<p><img fetchpriority=\"high\" decoding=\"async\" class=\"alignnone size-full wp-image-6092\" src=\"https:\/\/revistatrend.com\/wp-content\/uploads\/2024\/04\/432857805_952475946249403_4966262468006615159_n-scaled.jpg\" alt=\"\" width=\"2560\" height=\"947\" srcset=\"https:\/\/revistatrend.com\/wp-content\/uploads\/2024\/04\/432857805_952475946249403_4966262468006615159_n-scaled.jpg 2560w, https:\/\/revistatrend.com\/wp-content\/uploads\/2024\/04\/432857805_952475946249403_4966262468006615159_n-300x111.jpg 300w, https:\/\/revistatrend.com\/wp-content\/uploads\/2024\/04\/432857805_952475946249403_4966262468006615159_n-1024x379.jpg 1024w, https:\/\/revistatrend.com\/wp-content\/uploads\/2024\/04\/432857805_952475946249403_4966262468006615159_n-768x284.jpg 768w, https:\/\/revistatrend.com\/wp-content\/uploads\/2024\/04\/432857805_952475946249403_4966262468006615159_n-1536x568.jpg 1536w, https:\/\/revistatrend.com\/wp-content\/uploads\/2024\/04\/432857805_952475946249403_4966262468006615159_n-2048x758.jpg 2048w, https:\/\/revistatrend.com\/wp-content\/uploads\/2024\/04\/432857805_952475946249403_4966262468006615159_n-150x56.jpg 150w, https:\/\/revistatrend.com\/wp-content\/uploads\/2024\/04\/432857805_952475946249403_4966262468006615159_n-450x167.jpg 450w, https:\/\/revistatrend.com\/wp-content\/uploads\/2024\/04\/432857805_952475946249403_4966262468006615159_n-1200x444.jpg 1200w\" sizes=\"(max-width: 2560px) 100vw, 2560px\" \/><\/p>\n<\/div>\n<\/div>\n<\/div>\n<\/div>\n<\/div>\n<\/section>\n<div id=\"shopify-section-template--16779165532404__ce99702b-6da6-4896-95ee-7559d7835a5c\" class=\"shopify-section section\">\n<div class=\"image-with-text image-with-text--overlap page-width isolate section-template--16779165532404__ce99702b-6da6-4896-95ee-7559d7835a5c-padding scroll-trigger animate--slide-in\">\n<div class=\"image-with-text__grid grid grid--gapless grid--1-col grid--2-col-tablet\">\n<div class=\"image-with-text__text-item grid__item\">\n<div id=\"ImageWithText--template--16779165532404__ce99702b-6da6-4896-95ee-7559d7835a5c\" class=\"image-with-text__content image-with-text__content--top image-with-text__content--desktop-left image-with-text__content--mobile-left image-with-text__content--small gradient color-background-1 content-container\">\n<h2 class=\"image-with-text__heading inline-richtext h2\"><span>SHOWROOM VITI I PAR\u00cb 2010<\/span><\/h2>\n<div class=\"image-with-text__text rte body\">\n<p><span>N\u00eb vitin 2010, rrug\u00ebtimi yn\u00eb filloi seriozisht me hapjen e showroom-it ton\u00eb t\u00eb par\u00eb. Ishte nj\u00eb hap\u00ebsir\u00eb \u200b\u200be p\u00ebrulur, nj\u00eb d\u00ebshmi e fillimeve tona modeste dhe e ambicies s\u00eb pal\u00ebkundur.<\/span><\/p>\n<\/div>\n<\/div>\n<\/div>\n<\/div>\n<\/div>\n<\/div>\n<section id=\"shopify-section-template--16779165532404__c02e5703-7496-4e27-b2b2-667a3929c10c\" class=\"shopify-section section\">\n<div class=\"isolate \">\n<div class=\"rich-text content-container color-background-1 gradient rich-text--full-width content-container--full-width section-template--16779165532404__c02e5703-7496-4e27-b2b2-667a3929c10c-padding\">\n<div class=\"rich-text__wrapper rich-text__wrapper--center page-width\">\n<div class=\"rich-text__blocks center\">\n<div class=\"rich-text__text rte scroll-trigger animate--slide-in\" data-cascade=\"\">\n<p><span>Megjithat\u00eb, nuk ishte nj\u00eb rrug\u00eb e leht\u00eb p\u00ebr mark\u00ebn. Vitet q\u00eb \u00e7uan n\u00eb vler\u00ebsimin e saj aktual n\u00eb mbar\u00eb bot\u00ebn u sh\u00ebnuan nga net\u00eb t\u00eb panum\u00ebrta pa gjum\u00eb, v\u00ebshtir\u00ebsi financiare dhe konkurrenc\u00eb t\u00eb ashp\u00ebr. V\u00ebshtir\u00ebsit\u00eb e mark\u00ebs ball\u00eb p\u00ebr ball\u00eb, duke shtyr\u00eb vazhdimisht kufijt\u00eb e krijimtaris\u00eb dhe inovacionit p\u00ebr t&#8217;u dalluar n\u00eb industrin\u00eb e mbushur me njer\u00ebz t\u00eb mod\u00ebs.<\/span><\/p>\n<p><span>Vendosm\u00ebria dhe shpirti i tyre i pal\u00ebkundur u shpaguan. Nd\u00ebrsa Minna Fashion fitoi vrull, reputacioni i saj i kap\u00ebrceu kufijt\u00eb, duke mahnitur entuziast\u00ebt e mod\u00ebs anemban\u00eb globit.<\/span><\/p>\n<p><span>Nga personazhet e famsh\u00ebm t\u00eb Hollivudit te an\u00ebtar\u00ebt e familjes mbret\u00ebrore, dizajnet befasuese t\u00eb Minna Fashion kan\u00eb zbukuruar tapetin e kuq t\u00eb ngjarjeve prestigjioze, duke fituar vler\u00ebsime nga kritik\u00ebt e mod\u00ebs dhe njoh\u00ebsit.<\/span><\/p>\n<p><span>Sot, Minna Fashion q\u00ebndron si nj\u00eb simbol i p\u00ebrsosm\u00ebris\u00eb, eleganc\u00ebs dhe sofistikimit, i njohur p\u00ebr mjesht\u00ebrin\u00eb e pashoqe dhe v\u00ebmendjen ndaj detajeve. Marka vazhdon t\u00eb evoluoj\u00eb, duke eksploruar horizonte t\u00eb reja t\u00eb dizajnit dhe duke zgjeruar ofertat e produkteve t\u00eb saj p\u00ebr t&#8217;iu p\u00ebrgjigjur k\u00ebrkesave gjithnj\u00eb n\u00eb ndryshim t\u00eb klientel\u00ebs s\u00eb mod\u00ebs.<\/span><\/p>\n<p><span>Me nj\u00eb prani t\u00eb fort\u00eb globale dhe nj\u00eb komunitet besnik ndjek\u00ebsish, ndikimi i mark\u00ebs vazhdon t\u00eb rritet \u00e7do dit\u00eb, duke l\u00ebn\u00eb gjurm\u00eb t\u00eb pashlyeshme n\u00eb bot\u00ebn e mod\u00ebs.<\/span><\/p>\n<p><img decoding=\"async\" class=\"alignnone size-full wp-image-6093\" src=\"https:\/\/revistatrend.com\/wp-content\/uploads\/2024\/04\/433883550_961424715354526_5333363097092753104_n.jpg\" alt=\"\" width=\"1638\" height=\"2048\" srcset=\"https:\/\/revistatrend.com\/wp-content\/uploads\/2024\/04\/433883550_961424715354526_5333363097092753104_n.jpg 1638w, https:\/\/revistatrend.com\/wp-content\/uploads\/2024\/04\/433883550_961424715354526_5333363097092753104_n-240x300.jpg 240w, https:\/\/revistatrend.com\/wp-content\/uploads\/2024\/04\/433883550_961424715354526_5333363097092753104_n-819x1024.jpg 819w, https:\/\/revistatrend.com\/wp-content\/uploads\/2024\/04\/433883550_961424715354526_5333363097092753104_n-768x960.jpg 768w, https:\/\/revistatrend.com\/wp-content\/uploads\/2024\/04\/433883550_961424715354526_5333363097092753104_n-1229x1536.jpg 1229w, https:\/\/revistatrend.com\/wp-content\/uploads\/2024\/04\/433883550_961424715354526_5333363097092753104_n-150x188.jpg 150w, https:\/\/revistatrend.com\/wp-content\/uploads\/2024\/04\/433883550_961424715354526_5333363097092753104_n-450x563.jpg 450w, https:\/\/revistatrend.com\/wp-content\/uploads\/2024\/04\/433883550_961424715354526_5333363097092753104_n-1200x1500.jpg 1200w\" sizes=\"(max-width: 1638px) 100vw, 1638px\" \/><\/p>\n<p>&nbsp;<\/p>\n<\/div>\n<\/div>\n<\/div>\n<\/div>\n<\/div>\n<\/section>\n","protected":false},"excerpt":{"rendered":"<p>TREND\u00a0 EXCELLENCE\u00a0 \u2013 \u201cMINNA FASHION\u201d\u00a0 Perzgjedhur ne kategorine e \u201cTREND FASHION AMBASSADOR\u201d\u00a0 ne \u201cAwards Business Trend Kosova 2024\u201d \u201cAwards Business Trend Kosova 2024\u201d\u00a0\u00ebsht\u00eb evenimenti i vler\u00ebsimit t\u00eb bizneseve\u00a0 dhe subjekteve m\u00eb t\u00eb p\u00eblqyera n\u00eb Kosov\u00eb dhe jashte saj\u00a0 p\u00ebr sezonin 2023 \u2013 2024. Evenimenti po realizohet p\u00ebr her\u00eb t\u00eb par\u00eb n\u00eb Kosov\u00eb dhe p\u00ebr her\u00eb<\/p>\n","protected":false},"author":1,"featured_media":6094,"comment_status":"open","ping_status":"open","sticky":false,"template":"","format":"standard","meta":{"footnotes":""},"categories":[125,7,32],"tags":[],"class_list":{"0":"post-6091","1":"post","2":"type-post","3":"status-publish","4":"format-standard","5":"has-post-thumbnail","7":"category-awards-kosova","8":"category-fashion","9":"category-trend-business"},"_links":{"self":[{"href":"https:\/\/revistatrend.com\/index.php\/wp-json\/wp\/v2\/posts\/6091","targetHints":{"allow":["GET"]}}],"collection":[{"href":"https:\/\/revistatrend.com\/index.php\/wp-json\/wp\/v2\/posts"}],"about":[{"href":"https:\/\/revistatrend.com\/index.php\/wp-json\/wp\/v2\/types\/post"}],"author":[{"embeddable":true,"href":"https:\/\/revistatrend.com\/index.php\/wp-json\/wp\/v2\/users\/1"}],"replies":[{"embeddable":true,"href":"https:\/\/revistatrend.com\/index.php\/wp-json\/wp\/v2\/comments?post=6091"}],"version-history":[{"count":1,"href":"https:\/\/revistatrend.com\/index.php\/wp-json\/wp\/v2\/posts\/6091\/revisions"}],"predecessor-version":[{"id":6095,"href":"https:\/\/revistatrend.com\/index.php\/wp-json\/wp\/v2\/posts\/6091\/revisions\/6095"}],"wp:featuredmedia":[{"embeddable":true,"href":"https:\/\/revistatrend.com\/index.php\/wp-json\/wp\/v2\/media\/6094"}],"wp:attachment":[{"href":"https:\/\/revistatrend.com\/index.php\/wp-json\/wp\/v2\/media?parent=6091"}],"wp:term":[{"taxonomy":"category","embeddable":true,"href":"https:\/\/revistatrend.com\/index.php\/wp-json\/wp\/v2\/categories?post=6091"},{"taxonomy":"post_tag","embeddable":true,"href":"https:\/\/revistatrend.com\/index.php\/wp-json\/wp\/v2\/tags?post=6091"}],"curies":[{"name":"wp","href":"https:\/\/api.w.org\/{rel}","templated":true}]}}