{"id":6096,"date":"2024-04-03T20:02:51","date_gmt":"2024-04-03T20:02:51","guid":{"rendered":"https:\/\/revistatrend.com\/?p=6096"},"modified":"2024-04-03T20:02:51","modified_gmt":"2024-04-03T20:02:51","slug":"trend-excellence-norik-uka","status":"publish","type":"post","link":"https:\/\/revistatrend.com\/index.php\/2024\/04\/03\/trend-excellence-norik-uka\/","title":{"rendered":"TREND\u00a0 EXCELLENCE\u00a0 \u2013 \u201cNORIK UKA\u201d\u00a0"},"content":{"rendered":"<h2><strong>TREND\u00a0 EXCELLENCE\u00a0 \u2013 \u201cNORIK UKA\u201d\u00a0<\/strong><\/h2>\n<h4><strong>Perzgjedhur ne kategorine e \u201cTREND PHOTOGRAPHER\u201d\u00a0 ne \u201cAwards Business Trend Kosova 2024\u201d<\/strong><\/h4>\n<p><strong>\u201cAwards Business Trend Kosova 2024\u201d<\/strong>\u00a0\u00ebsht\u00eb evenimenti i vler\u00ebsimit t\u00eb bizneseve\u00a0 dhe subjekteve m\u00eb t\u00eb p\u00eblqyera n\u00eb Kosov\u00eb dhe jashte saj\u00a0 p\u00ebr sezonin 2023 \u2013 2024. Evenimenti po realizohet p\u00ebr her\u00eb t\u00eb par\u00eb n\u00eb Kosov\u00eb dhe p\u00ebr her\u00eb t\u00eb 7-t\u00eb n\u00eb Shqip\u00ebri. Pas fushat\u00ebs disa mujore t\u00eb sondazheve t\u00eb realizuara n\u00eb 3 rryma t\u00eb ndryshme, tashm\u00eb ambasador\u00ebt q\u00eb p\u00ebrfaq\u00ebsojn\u00eb ngjarjen m\u00eb t\u00eb madhe t\u00eb biznesit n\u00eb Kosov\u00eb, kan\u00eb dh\u00ebn\u00eb mendimet e tyre p\u00ebr bizneset dhe personazhet m\u00eb t\u00eb p\u00eblqyera p\u00ebr sezonin 2023 \u2013 2024. Juria profesionale e p\u00ebrb\u00ebr\u00eb nga \u201cTrend Ambassador\u201d n\u00eb emrat e shquar: Albina Kelmendi \u2013 Labinot Krasniqi, Teuta Krasniqi \u2013 Sellma Kasumoviq \u2013 Agnesa Vuthaj \u2013 Ilir Geci \u2013 Blerona Zeqiri \u2013 Arian Zeka \u2013 Shemsije Dermaku \u2013 Bedri Kasumi &amp; Kushtrim Ajvazi \u2013 Lena Krasniqi \u2013 Arian Idrizaj \u2013 Alban Zogjani \u2013 Agim Shanini. Ekipi Trend Ambassador 2024 shpreh vler\u00ebsimet maksimale p\u00ebr subjektet e perzgjedhura ne maratonen e publikimeve te tyre\u00a0 \u201d. Kliko:\u00a0<a href=\"https:\/\/www.youtube.com\/watch?v=V50sf73LUk8&amp;t=3s\">https:\/\/www.youtube.com\/watch?v=V50sf73LUk8&amp;t=3s<\/a><\/p>\n<h4><strong>NORIK UKA\u00a0<\/strong><\/h4>\n<p>Norik Uka \u00ebsht\u00eb m\u00eb shum\u00eb se nj\u00eb fotograf &#8211; ai \u00ebsht\u00eb nj\u00eb artist i ve\u00e7ant\u00eb, nj\u00eb shk\u00eblqim n\u00eb bot\u00ebn e fotografis\u00eb. P\u00ebr t\u00eb, kamera \u00ebsht\u00eb m\u00eb shum\u00eb se nj\u00eb mjet teknik; \u00ebsht\u00eb nj\u00eb dritare n\u00eb bot\u00ebn e emocioneve, shenjave dhe momenteve q\u00eb ndryshojn\u00eb jet\u00ebn.<\/p>\n<p>N\u00eb nj\u00eb industri t\u00eb dominuar nga\u00a0 pamja e jashtme, Norik dallohet p\u00ebr aft\u00ebsin\u00eb e tij p\u00ebr t\u00eb kapur thelbin e njeriut. P\u00ebrderisa shum\u00eb mund t\u00eb p\u00ebrqendrohen vet\u00ebm n\u00eb pamjen e jashtme, ai shkon thell\u00ebsisht n\u00eb thelbin e personave q\u00eb fotografoi. \u00c7do portret i tij flet nj\u00eb histori, \u00e7do pik\u00eb marr\u00ebzi\u00e7e reflekton nj\u00eb emocion.<\/p>\n<p>Me nj\u00eb ndjesi t\u00eb jasht\u00ebzakonshme t\u00eb detajit dhe nj\u00eb talent t\u00eb rrall\u00eb p\u00ebr t\u00eb kapur momente t\u00eb paimagjinueshme, Norik ka b\u00ebr\u00eb em\u00ebr n\u00eb fush\u00ebn e fotografis\u00eb, sidomos n\u00eb fush\u00ebn e show biz-it dhe mod\u00ebs n\u00eb Kosov\u00eb dhe p\u00ebrtej saj. \u00c7iftet q\u00eb zgjedhin t\u00eb festojn\u00eb dashurin\u00eb e tyre p\u00ebrher\u00eb kujtojn\u00eb kujtimet m\u00eb t\u00eb bukura p\u00ebrmes objektivit t\u00eb tij t\u00eb mrekulluesh\u00ebm.<\/p>\n<p>Por m\u00eb shum\u00eb se sa nj\u00eb fotograf i shquar, Norik Uka \u00ebsht\u00eb nj\u00eb k\u00ebrkues i p\u00ebrjetsh\u00ebm i bukuris\u00eb dhe shpirtit njer\u00ebzor. P\u00ebr t\u00eb, fotografia nuk \u00ebsht\u00eb vet\u00ebm nj\u00eb pun\u00eb, por nj\u00eb pasion i mbushur me dashuri dhe sensibilitet. Ai shfaq nj\u00eb perceptim t\u00eb thell\u00eb p\u00ebr nj\u00ebsi t\u00eb thjeshta, duke i kthyer ato n\u00eb vepra arti q\u00eb p\u00ebrshkruajn\u00eb histori t\u00eb plot\u00eb, edhe pa fjal\u00eb.<\/p>\n<p>P\u00ebr k\u00ebt\u00eb arsye, n\u00eb nj\u00eb bot\u00eb ku imazhi \u00ebsht\u00eb shpesh m\u00eb i r\u00ebnd\u00ebsish\u00ebm se realiteti, Norik Uka ruan vlerat e v\u00ebrteta t\u00eb fotografis\u00eb: ndjenj\u00ebn, intimitetin dhe bukurin\u00eb e pamvarur t\u00eb \u00e7do momenti. N\u00eb \u00e7do fotografi t\u00eb tij, zbulohet nj\u00eb lloj magjie q\u00eb ngroh shpirtin dhe frym\u00ebn. Dhe p\u00ebr k\u00ebt\u00eb arsye, ai \u00ebsht\u00eb dhe do t\u00eb mbetet nj\u00eb nga figurat m\u00eb t\u00eb jasht\u00ebzakonshme n\u00eb bot\u00ebn e fotografis\u00eb.<\/p>\n<p><img fetchpriority=\"high\" decoding=\"async\" class=\"alignnone size-full wp-image-6097\" src=\"https:\/\/revistatrend.com\/wp-content\/uploads\/2024\/04\/434574886_939016590928062_5565080232620860127_n.jpg\" alt=\"\" width=\"1638\" height=\"2048\" srcset=\"https:\/\/revistatrend.com\/wp-content\/uploads\/2024\/04\/434574886_939016590928062_5565080232620860127_n.jpg 1638w, https:\/\/revistatrend.com\/wp-content\/uploads\/2024\/04\/434574886_939016590928062_5565080232620860127_n-240x300.jpg 240w, https:\/\/revistatrend.com\/wp-content\/uploads\/2024\/04\/434574886_939016590928062_5565080232620860127_n-819x1024.jpg 819w, https:\/\/revistatrend.com\/wp-content\/uploads\/2024\/04\/434574886_939016590928062_5565080232620860127_n-768x960.jpg 768w, https:\/\/revistatrend.com\/wp-content\/uploads\/2024\/04\/434574886_939016590928062_5565080232620860127_n-1229x1536.jpg 1229w, https:\/\/revistatrend.com\/wp-content\/uploads\/2024\/04\/434574886_939016590928062_5565080232620860127_n-150x188.jpg 150w, https:\/\/revistatrend.com\/wp-content\/uploads\/2024\/04\/434574886_939016590928062_5565080232620860127_n-450x563.jpg 450w, https:\/\/revistatrend.com\/wp-content\/uploads\/2024\/04\/434574886_939016590928062_5565080232620860127_n-1200x1500.jpg 1200w\" sizes=\"(max-width: 1638px) 100vw, 1638px\" \/><\/p>\n","protected":false},"excerpt":{"rendered":"<p>TREND\u00a0 EXCELLENCE\u00a0 \u2013 \u201cNORIK UKA\u201d\u00a0 Perzgjedhur ne kategorine e \u201cTREND PHOTOGRAPHER\u201d\u00a0 ne \u201cAwards Business Trend Kosova 2024\u201d \u201cAwards Business Trend Kosova 2024\u201d\u00a0\u00ebsht\u00eb evenimenti i vler\u00ebsimit t\u00eb bizneseve\u00a0 dhe subjekteve m\u00eb t\u00eb p\u00eblqyera n\u00eb Kosov\u00eb dhe jashte saj\u00a0 p\u00ebr sezonin 2023 \u2013 2024. Evenimenti po realizohet p\u00ebr her\u00eb t\u00eb par\u00eb n\u00eb Kosov\u00eb dhe p\u00ebr her\u00eb t\u00eb<\/p>\n","protected":false},"author":1,"featured_media":6099,"comment_status":"open","ping_status":"open","sticky":false,"template":"","format":"standard","meta":{"footnotes":""},"categories":[125,7,32],"tags":[],"class_list":{"0":"post-6096","1":"post","2":"type-post","3":"status-publish","4":"format-standard","5":"has-post-thumbnail","7":"category-awards-kosova","8":"category-fashion","9":"category-trend-business"},"_links":{"self":[{"href":"https:\/\/revistatrend.com\/index.php\/wp-json\/wp\/v2\/posts\/6096","targetHints":{"allow":["GET"]}}],"collection":[{"href":"https:\/\/revistatrend.com\/index.php\/wp-json\/wp\/v2\/posts"}],"about":[{"href":"https:\/\/revistatrend.com\/index.php\/wp-json\/wp\/v2\/types\/post"}],"author":[{"embeddable":true,"href":"https:\/\/revistatrend.com\/index.php\/wp-json\/wp\/v2\/users\/1"}],"replies":[{"embeddable":true,"href":"https:\/\/revistatrend.com\/index.php\/wp-json\/wp\/v2\/comments?post=6096"}],"version-history":[{"count":1,"href":"https:\/\/revistatrend.com\/index.php\/wp-json\/wp\/v2\/posts\/6096\/revisions"}],"predecessor-version":[{"id":6100,"href":"https:\/\/revistatrend.com\/index.php\/wp-json\/wp\/v2\/posts\/6096\/revisions\/6100"}],"wp:featuredmedia":[{"embeddable":true,"href":"https:\/\/revistatrend.com\/index.php\/wp-json\/wp\/v2\/media\/6099"}],"wp:attachment":[{"href":"https:\/\/revistatrend.com\/index.php\/wp-json\/wp\/v2\/media?parent=6096"}],"wp:term":[{"taxonomy":"category","embeddable":true,"href":"https:\/\/revistatrend.com\/index.php\/wp-json\/wp\/v2\/categories?post=6096"},{"taxonomy":"post_tag","embeddable":true,"href":"https:\/\/revistatrend.com\/index.php\/wp-json\/wp\/v2\/tags?post=6096"}],"curies":[{"name":"wp","href":"https:\/\/api.w.org\/{rel}","templated":true}]}}