{"id":6117,"date":"2024-04-04T11:51:18","date_gmt":"2024-04-04T11:51:18","guid":{"rendered":"https:\/\/revistatrend.com\/?p=6117"},"modified":"2024-04-04T11:51:18","modified_gmt":"2024-04-04T11:51:18","slug":"trend-excellence-facial-am","status":"publish","type":"post","link":"https:\/\/revistatrend.com\/index.php\/2024\/04\/04\/trend-excellence-facial-am\/","title":{"rendered":"TREND\u00a0 EXCELLENCE\u00a0 \u2013 \u201cFACIAL AM&#8221;"},"content":{"rendered":"<h2><strong>TREND\u00a0 EXCELLENCE\u00a0 \u2013 \u201cFACIAL AM &#8211; Dr.Linda Berisha&#8221;<\/strong><\/h2>\n<h4><strong>Perzgjedhur ne kategorine e \u201cAesthetic &amp; Beauty Clinic\u201d\u00a0 ne \u201cAwards Business Trend Kosova 2024\u201d<\/strong><\/h4>\n<p><strong>\u201cAwards Business Trend Kosova 2024\u201d<\/strong>\u00a0\u00ebsht\u00eb evenimenti i vler\u00ebsimit t\u00eb bizneseve\u00a0 dhe subjekteve m\u00eb t\u00eb p\u00eblqyera n\u00eb Kosov\u00eb dhe jashte saj\u00a0 p\u00ebr sezonin 2023 \u2013 2024. Evenimenti po realizohet p\u00ebr her\u00eb t\u00eb par\u00eb n\u00eb Kosov\u00eb dhe p\u00ebr her\u00eb t\u00eb 7-t\u00eb n\u00eb Shqip\u00ebri. Pas fushat\u00ebs disa mujore t\u00eb sondazheve t\u00eb realizuara n\u00eb 3 rryma t\u00eb ndryshme, tashm\u00eb ambasador\u00ebt q\u00eb p\u00ebrfaq\u00ebsojn\u00eb ngjarjen m\u00eb t\u00eb madhe t\u00eb biznesit n\u00eb Kosov\u00eb, kan\u00eb dh\u00ebn\u00eb mendimet e tyre p\u00ebr bizneset dhe personazhet m\u00eb t\u00eb p\u00eblqyera p\u00ebr sezonin 2023 \u2013 2024. Juria profesionale e p\u00ebrb\u00ebr\u00eb nga \u201cTrend Ambassador\u201d n\u00eb emrat e shquar: Albina Kelmendi \u2013 Labinot Krasniqi, Teuta Krasniqi \u2013 Sellma Kasumoviq \u2013 Agnesa Vuthaj \u2013 Ilir Geci \u2013 Blerona Zeqiri \u2013 Arian Zeka \u2013 Shemsije Dermaku \u2013 Bedri Kasumi &amp; Kushtrim Ajvazi \u2013 Lena Krasniqi \u2013 Arian Idrizaj \u2013 Alban Zogjani \u2013 Agim Shanini. Ekipi Trend Ambassador 2024 shpreh vler\u00ebsimet maksimale p\u00ebr subjektet e perzgjedhura ne maratonen e publikimeve te tyre\u00a0 \u201d. Kliko:\u00a0<a href=\"https:\/\/www.youtube.com\/watch?v=V50sf73LUk8&amp;t=3s\">https:\/\/www.youtube.com\/watch?v=V50sf73LUk8&amp;t=3s<\/a><\/p>\n<p><strong>FACIAL AM<\/strong><\/p>\n<p><strong>Facial Am: Ku Bukuria Takon Perfeksionin n\u00ebn Kujdesin e Doktoresh\u00ebs Linda Berisha<\/strong><\/p>\n<p>Me k\u00ebnaq\u00ebsi ndajme me ju p\u00ebrvoj\u00ebn e mrekullueshme n\u00eb Facial Am, nj\u00eb klinik\u00eb e cila nuk \u00ebsht\u00eb vet\u00ebm nj\u00eb vend ku transformohet pamja juaj, por nj\u00eb destinacion i plot\u00eb p\u00ebr t&#8217;u ndjer\u00eb m\u00eb t\u00eb bukur dhe m\u00eb t\u00eb sigurt me veten tuaj.<\/p>\n<p>Si nj\u00eb doktoresh\u00eb e specializuar n\u00eb Aesthetic Surgery dhe Facial Aesthetic, un\u00eb, Linda Berisha, ka krijuar k\u00ebt\u00eb oaz t\u00eb bukuris\u00eb dhe kujdesit p\u00ebr t\u00eb siguruar q\u00eb \u00e7do klient t\u00eb p\u00ebrjetoj\u00eb nj\u00eb p\u00ebrvoj\u00eb t\u00eb jasht\u00ebzakonshme. N\u00eb Facial Am, ne p\u00ebrdorim teknologjin\u00eb m\u00eb t\u00eb fundit dhe m\u00eb bashkohore p\u00ebr t\u00eb siguruar rezultate t\u00eb shk\u00eblqyera dhe p\u00ebr t\u00eb mb\u00ebshtetur q\u00ebllimet tuaja estetike.<\/p>\n<p><img fetchpriority=\"high\" decoding=\"async\" class=\"alignnone size-full wp-image-6119\" src=\"https:\/\/revistatrend.com\/wp-content\/uploads\/2024\/04\/420511970_865119598959051_4321333743366724931_n.jpg\" alt=\"\" width=\"1290\" height=\"1284\" srcset=\"https:\/\/revistatrend.com\/wp-content\/uploads\/2024\/04\/420511970_865119598959051_4321333743366724931_n.jpg 1290w, https:\/\/revistatrend.com\/wp-content\/uploads\/2024\/04\/420511970_865119598959051_4321333743366724931_n-300x300.jpg 300w, https:\/\/revistatrend.com\/wp-content\/uploads\/2024\/04\/420511970_865119598959051_4321333743366724931_n-1024x1019.jpg 1024w, https:\/\/revistatrend.com\/wp-content\/uploads\/2024\/04\/420511970_865119598959051_4321333743366724931_n-150x149.jpg 150w, https:\/\/revistatrend.com\/wp-content\/uploads\/2024\/04\/420511970_865119598959051_4321333743366724931_n-768x764.jpg 768w, https:\/\/revistatrend.com\/wp-content\/uploads\/2024\/04\/420511970_865119598959051_4321333743366724931_n-450x448.jpg 450w, https:\/\/revistatrend.com\/wp-content\/uploads\/2024\/04\/420511970_865119598959051_4321333743366724931_n-1200x1194.jpg 1200w\" sizes=\"(max-width: 1290px) 100vw, 1290px\" \/><\/p>\n<p>P\u00ebrve\u00e7 sh\u00ebrbimeve t\u00eb specializuara dhe trajnimeve t\u00eb vazhdueshme, klinika jon\u00eb ofron nj\u00eb ambient t\u00eb p\u00ebrshtatsh\u00ebm dhe t\u00eb sigurt, ku kujdesi p\u00ebr sh\u00ebndetin tuaj \u00ebsht\u00eb n\u00eb qend\u00ebr t\u00eb v\u00ebmendjes son\u00eb. Ne jemi t\u00eb p\u00ebrkushtuar p\u00ebr monitorimin e sh\u00ebndetit tuaj pas \u00e7do nderhyrjeje, duke siguruar q\u00eb ju t\u00eb ndiheni t\u00eb sigurt dhe t\u00eb kujdesur n\u00eb \u00e7do hap t\u00eb rrug\u00ebs tuaj t\u00eb p\u00ebrmir\u00ebsimit t\u00eb pamjes.<\/p>\n<p>N\u00eb Facial Am, ne kuptojm\u00eb q\u00eb bukuria \u00ebsht\u00eb m\u00eb shum\u00eb se thjesht pamja fizike. Ne vler\u00ebsojm\u00eb veten tuaj dhe kemi krijuar nj\u00eb ambient t\u00eb p\u00ebrkushtuar p\u00ebr t\u00eb p\u00ebrmbushur nevojat dhe synimet tuaja t\u00eb bukuris\u00eb. P\u00ebr k\u00ebt\u00eb arsye, ne kemi fituar njohjen si nj\u00eb destinacion i preferuar p\u00ebr shum\u00eb femra n\u00eb k\u00ebrkim t\u00eb p\u00ebrmir\u00ebsimit t\u00eb pamjes s\u00eb tyre.<\/p>\n<p>N\u00eb fund, \u00ebsht\u00eb k\u00ebnaq\u00ebsia ime m\u00eb e madhe t\u00eb shoh klient\u00ebt tan\u00eb t\u00eb lumtur dhe t\u00eb plot\u00ebsuar me rezultatet e tyre. Me krenari, mund t\u00eb them se Facial Am \u00ebsht\u00eb vler\u00ebsuar me cmimet e ekselenc\u00ebs n\u00eb &#8220;trend excellence&#8221; n\u00eb kategorin\u00eb e klinikave, nj\u00eb v\u00ebrtetim i p\u00ebrkushtimit ton\u00eb p\u00ebr shk\u00eblqimin n\u00eb \u00e7do aspekt t\u00eb sh\u00ebrbimit ton\u00eb.<\/p>\n<p>Ju ftoj t\u00eb na vizitoni n\u00eb Facial Am dhe t\u00eb filloni nj\u00eb rrug\u00eb t\u00eb re drejt bukuris\u00eb dhe vet\u00ebbesimit. Bashk\u00eb, ne mund t\u00eb b\u00ebjm\u00eb \u00ebndrrat tuaja estetike t\u00eb realitetit.<\/p>\n<p><img decoding=\"async\" class=\"alignnone size-full wp-image-6118\" src=\"https:\/\/revistatrend.com\/wp-content\/uploads\/2024\/04\/417498256_820343173436694_1314736844814949287_n.jpg\" alt=\"\" width=\"1284\" height=\"1274\" srcset=\"https:\/\/revistatrend.com\/wp-content\/uploads\/2024\/04\/417498256_820343173436694_1314736844814949287_n.jpg 1284w, https:\/\/revistatrend.com\/wp-content\/uploads\/2024\/04\/417498256_820343173436694_1314736844814949287_n-300x298.jpg 300w, https:\/\/revistatrend.com\/wp-content\/uploads\/2024\/04\/417498256_820343173436694_1314736844814949287_n-1024x1016.jpg 1024w, https:\/\/revistatrend.com\/wp-content\/uploads\/2024\/04\/417498256_820343173436694_1314736844814949287_n-150x149.jpg 150w, https:\/\/revistatrend.com\/wp-content\/uploads\/2024\/04\/417498256_820343173436694_1314736844814949287_n-768x762.jpg 768w, https:\/\/revistatrend.com\/wp-content\/uploads\/2024\/04\/417498256_820343173436694_1314736844814949287_n-450x446.jpg 450w, https:\/\/revistatrend.com\/wp-content\/uploads\/2024\/04\/417498256_820343173436694_1314736844814949287_n-1200x1191.jpg 1200w\" sizes=\"(max-width: 1284px) 100vw, 1284px\" \/><\/p>\n<p>&nbsp;<\/p>\n","protected":false},"excerpt":{"rendered":"<p>TREND\u00a0 EXCELLENCE\u00a0 \u2013 \u201cFACIAL AM &#8211; Dr.Linda Berisha&#8221; Perzgjedhur ne kategorine e \u201cAesthetic &amp; Beauty Clinic\u201d\u00a0 ne \u201cAwards Business Trend Kosova 2024\u201d \u201cAwards Business Trend Kosova 2024\u201d\u00a0\u00ebsht\u00eb evenimenti i vler\u00ebsimit t\u00eb bizneseve\u00a0 dhe subjekteve m\u00eb t\u00eb p\u00eblqyera n\u00eb Kosov\u00eb dhe jashte saj\u00a0 p\u00ebr sezonin 2023 \u2013 2024. Evenimenti po realizohet p\u00ebr her\u00eb t\u00eb par\u00eb n\u00eb<\/p>\n","protected":false},"author":1,"featured_media":6120,"comment_status":"open","ping_status":"open","sticky":false,"template":"","format":"standard","meta":{"footnotes":""},"categories":[125,31,32],"tags":[],"class_list":{"0":"post-6117","1":"post","2":"type-post","3":"status-publish","4":"format-standard","5":"has-post-thumbnail","7":"category-awards-kosova","8":"category-health-beauty","9":"category-trend-business"},"_links":{"self":[{"href":"https:\/\/revistatrend.com\/index.php\/wp-json\/wp\/v2\/posts\/6117","targetHints":{"allow":["GET"]}}],"collection":[{"href":"https:\/\/revistatrend.com\/index.php\/wp-json\/wp\/v2\/posts"}],"about":[{"href":"https:\/\/revistatrend.com\/index.php\/wp-json\/wp\/v2\/types\/post"}],"author":[{"embeddable":true,"href":"https:\/\/revistatrend.com\/index.php\/wp-json\/wp\/v2\/users\/1"}],"replies":[{"embeddable":true,"href":"https:\/\/revistatrend.com\/index.php\/wp-json\/wp\/v2\/comments?post=6117"}],"version-history":[{"count":2,"href":"https:\/\/revistatrend.com\/index.php\/wp-json\/wp\/v2\/posts\/6117\/revisions"}],"predecessor-version":[{"id":6122,"href":"https:\/\/revistatrend.com\/index.php\/wp-json\/wp\/v2\/posts\/6117\/revisions\/6122"}],"wp:featuredmedia":[{"embeddable":true,"href":"https:\/\/revistatrend.com\/index.php\/wp-json\/wp\/v2\/media\/6120"}],"wp:attachment":[{"href":"https:\/\/revistatrend.com\/index.php\/wp-json\/wp\/v2\/media?parent=6117"}],"wp:term":[{"taxonomy":"category","embeddable":true,"href":"https:\/\/revistatrend.com\/index.php\/wp-json\/wp\/v2\/categories?post=6117"},{"taxonomy":"post_tag","embeddable":true,"href":"https:\/\/revistatrend.com\/index.php\/wp-json\/wp\/v2\/tags?post=6117"}],"curies":[{"name":"wp","href":"https:\/\/api.w.org\/{rel}","templated":true}]}}