{"id":6190,"date":"2024-04-05T11:40:11","date_gmt":"2024-04-05T11:40:11","guid":{"rendered":"https:\/\/revistatrend.com\/?p=6190"},"modified":"2024-04-05T11:40:11","modified_gmt":"2024-04-05T11:40:11","slug":"trend-excellence-egzontina-egzona","status":"publish","type":"post","link":"https:\/\/revistatrend.com\/index.php\/2024\/04\/05\/trend-excellence-egzontina-egzona\/","title":{"rendered":"TREND\u00a0 EXCELLENCE\u00a0 \u2013 \u201cEGZONTINA &#038; EGZONA&#8221;\u00a0"},"content":{"rendered":"<h2><strong>TREND\u00a0 EXCELLENCE\u00a0 \u2013 \u201cEGZONTINA &amp; EGZONA&#8221;\u00a0<\/strong><\/h2>\n<h4><strong>Perzgjedhur ne kategorine e \u201cBeauty\u201d ne \u201cAwards Business Trend Kosova 2024\u201d<\/strong><\/h4>\n<p><strong>\u201cAwards Business Trend Kosova 2024\u201d<\/strong>\u00a0\u00ebsht\u00eb evenimenti i vler\u00ebsimit t\u00eb bizneseve\u00a0 dhe subjekteve m\u00eb t\u00eb p\u00eblqyera n\u00eb Kosov\u00eb dhe jashte saj\u00a0 p\u00ebr sezonin 2023 \u2013 2024. Evenimenti po realizohet p\u00ebr her\u00eb t\u00eb par\u00eb n\u00eb Kosov\u00eb dhe p\u00ebr her\u00eb t\u00eb 7-t\u00eb n\u00eb Shqip\u00ebri. Pas fushat\u00ebs disa mujore t\u00eb sondazheve t\u00eb realizuara n\u00eb 3 rryma t\u00eb ndryshme, tashm\u00eb ambasador\u00ebt q\u00eb p\u00ebrfaq\u00ebsojn\u00eb ngjarjen m\u00eb t\u00eb madhe t\u00eb biznesit n\u00eb Kosov\u00eb, kan\u00eb dh\u00ebn\u00eb mendimet e tyre p\u00ebr bizneset dhe personazhet m\u00eb t\u00eb p\u00eblqyera p\u00ebr sezonin 2023 \u2013 2024. Juria profesionale e p\u00ebrb\u00ebr\u00eb nga \u201cTrend Ambassador\u201d n\u00eb emrat e shquar: Albina Kelmendi \u2013 Labinot Krasniqi, Teuta Krasniqi \u2013 Sellma Kasumoviq \u2013 Agnesa Vuthaj \u2013 Ilir Geci \u2013 Blerona Zeqiri \u2013 Arian Zeka \u2013 Shemsije Dermaku \u2013 Bedri Kasumi &amp; Kushtrim Ajvazi \u2013 Lena Krasniqi \u2013 Arian Idrizaj \u2013 Alban Zogjani \u2013 Agim Shanini. Ekipi Trend Ambassador 2024 shpreh vler\u00ebsimet maksimale p\u00ebr subjektet e perzgjedhura ne maratonen e publikimeve te tyre\u00a0 \u201d. Kliko:\u00a0<a href=\"https:\/\/www.youtube.com\/watch?v=V50sf73LUk8&amp;t=3s\">https:\/\/www.youtube.com\/watch?v=V50sf73LUk8&amp;t=<\/a><\/p>\n<h2><strong>\u201cEGZONTINA &amp; EGZONA&#8221;\u00a0<\/strong><\/h2>\n<div class=\"flex-1 overflow-hidden\">\n<div class=\"react-scroll-to-bottom--css-ekcaf-79elbk h-full\">\n<div class=\"react-scroll-to-bottom--css-ekcaf-1n7m0yu\">\n<div class=\"flex flex-col text-sm pb-9\">\n<div class=\"w-full text-token-text-primary\" data-testid=\"conversation-turn-15\">\n<div class=\"px-4 py-2 justify-center text-base md:gap-6 m-auto\">\n<div class=\"flex flex-1 text-base mx-auto gap-3 md:px-5 lg:px-1 xl:px-5 md:max-w-3xl lg:max-w-[40rem] xl:max-w-[48rem] group final-completion\">\n<div class=\"relative flex w-full flex-col agent-turn\">\n<div class=\"flex-col gap-1 md:gap-3\">\n<div class=\"flex flex-grow flex-col max-w-full\">\n<div class=\"min-h-[20px] text-message flex flex-col items-start gap-3 whitespace-pre-wrap break-words [.text-message+&amp;]:mt-5 overflow-x-auto\" data-message-author-role=\"assistant\" data-message-id=\"e5010d18-be83-4f60-afbf-df5f3cf0e7bf\">\n<div class=\"markdown prose w-full break-words dark:prose-invert light\">\n<p>&#8220;Egzontina &amp; Egzona&#8221; \u00ebsht\u00eb nj\u00eb nga ato destinacione t\u00eb rralla ku bukuria dhe stili bashkohen n\u00eb nj\u00eb harmoni t\u00eb plot\u00eb. N\u00eb qytetin e Prizrenit, ky sallon shquhet p\u00ebr sh\u00ebrbimet e tij t\u00eb p\u00ebrulura dhe p\u00ebr aft\u00ebsit\u00eb e mjesht\u00ebrta t\u00eb dy emrave t\u00eb tij t\u00eb mir\u00ebnjohur: Egzontina dhe Egzona.<\/p>\n<p>Egzontina \u00ebsht\u00eb nj\u00eb artiste e njohur n\u00eb bot\u00ebn e make-up-it, e cila nuk vet\u00ebm q\u00eb kryen mrekullira me flijimet e saj t\u00eb shkatht\u00ebsis\u00eb, por edhe ia arrin t\u00eb thelloj\u00eb dhe p\u00ebrjetoj\u00eb personalitetin dhe karakterin e secilit klient. Me nj\u00eb p\u00ebrvoj\u00eb t\u00eb gjat\u00eb dhe pasion p\u00ebr artin e make-up-it, Egzontina \u00ebsht\u00eb nj\u00eb udh\u00ebheq\u00ebse e v\u00ebrtet\u00eb n\u00eb fush\u00ebn e saj.<\/p>\n<p>Nd\u00ebrsa Egzona \u00ebsht\u00eb nj\u00eb eksperte n\u00eb artin e rregullimit t\u00eb flok\u00ebve, ajo shnd\u00ebrroj\u00eb \u00e7do vizit\u00eb n\u00eb sallon n\u00eb nj\u00eb eksperienc\u00eb t\u00eb paharrueshme. Me aft\u00ebsit\u00eb e saj t\u00eb mrekullueshme dhe kreativitetin e paimagjinuesh\u00ebm, Egzona e b\u00ebn \u00e7do klient t\u00eb ndjehet si nj\u00eb yll.<\/p>\n<p>Salloni &#8220;Egzontina &amp; Egzona&#8221; nuk \u00ebsht\u00eb vet\u00ebm nj\u00eb sallon, por nj\u00eb qend\u00ebr e artit dhe sh\u00ebrbimit t\u00eb kujdesit t\u00eb l\u00ebkur\u00ebs. Ambienti i tij i bukur dhe i relaksuar b\u00ebn q\u00eb klient\u00ebt t\u00eb ndjehen t\u00eb mir\u00ebpritur dhe t\u00eb relaksuar q\u00eb n\u00eb momentin e hyrjes.<\/p>\n<p>N\u00eb k\u00ebt\u00eb sallon, cdo detaj \u00ebsht\u00eb kujdesur me kujdes dhe kujdes p\u00ebr t\u00eb siguruar nj\u00eb p\u00ebrvoj\u00eb t\u00eb paharrueshme t\u00eb bukuris\u00eb dhe stilit. Me Egzontina dhe Egzona n\u00eb krye t\u00eb ekipit, nuk ka dyshim se kjo \u00ebsht\u00eb nj\u00eb destinacion i p\u00ebrsosur p\u00ebr t\u00eb gjetur pamjen dhe stolin e d\u00ebshiruar.<\/p>\n<p><img fetchpriority=\"high\" decoding=\"async\" class=\"alignnone size-full wp-image-6191\" src=\"https:\/\/revistatrend.com\/wp-content\/uploads\/2024\/04\/410592876_384931027447560_3624195587230111584_n.jpg\" alt=\"\" width=\"1080\" height=\"1080\" srcset=\"https:\/\/revistatrend.com\/wp-content\/uploads\/2024\/04\/410592876_384931027447560_3624195587230111584_n.jpg 1080w, https:\/\/revistatrend.com\/wp-content\/uploads\/2024\/04\/410592876_384931027447560_3624195587230111584_n-300x300.jpg 300w, https:\/\/revistatrend.com\/wp-content\/uploads\/2024\/04\/410592876_384931027447560_3624195587230111584_n-1024x1024.jpg 1024w, https:\/\/revistatrend.com\/wp-content\/uploads\/2024\/04\/410592876_384931027447560_3624195587230111584_n-150x150.jpg 150w, https:\/\/revistatrend.com\/wp-content\/uploads\/2024\/04\/410592876_384931027447560_3624195587230111584_n-768x768.jpg 768w, https:\/\/revistatrend.com\/wp-content\/uploads\/2024\/04\/410592876_384931027447560_3624195587230111584_n-450x450.jpg 450w\" sizes=\"(max-width: 1080px) 100vw, 1080px\" \/><\/p>\n<\/div>\n<\/div>\n<\/div>\n<div class=\"mt-1 flex justify-start gap-3 empty:hidden\">\n<div class=\"text-gray-400 flex self-end lg:self-center items-center justify-center lg:justify-start mt-0 -ml-1 h-7 gap-[2px] visible\">\n<div class=\"flex items-center gap-1.5 text-xs\"><\/div>\n<div class=\"flex\"><\/div>\n<\/div>\n<\/div>\n<div class=\"pr-2 lg:pr-0\"><\/div>\n<\/div>\n<div class=\"absolute\">\n<div class=\"flex w-full gap-2 items-center justify-center\"><\/div>\n<\/div>\n<\/div>\n<\/div>\n<\/div>\n<\/div>\n<\/div>\n<\/div>\n<\/div>\n<\/div>\n<div class=\"w-full pt-2 md:pt-0 dark:border-white\/20 md:border-transparent md:dark:border-transparent md:w-[calc(100%-.5rem)]\">\n<form class=\"stretch mx-2 flex flex-row gap-3 last:mb-2 md:mx-4 md:last:mb-6 lg:mx-auto lg:max-w-2xl xl:max-w-3xl\">\n<div class=\"relative flex h-full flex-1 flex-col\">\n<div class=\"absolute bottom-full left-0 right-0\"><\/div>\n<div class=\"flex w-full items-center\"><\/div>\n<\/div>\n<\/form>\n<\/div>\n","protected":false},"excerpt":{"rendered":"<p>TREND\u00a0 EXCELLENCE\u00a0 \u2013 \u201cEGZONTINA &amp; EGZONA&#8221;\u00a0 Perzgjedhur ne kategorine e \u201cBeauty\u201d ne \u201cAwards Business Trend Kosova 2024\u201d \u201cAwards Business Trend Kosova 2024\u201d\u00a0\u00ebsht\u00eb evenimenti i vler\u00ebsimit t\u00eb bizneseve\u00a0 dhe subjekteve m\u00eb t\u00eb p\u00eblqyera n\u00eb Kosov\u00eb dhe jashte saj\u00a0 p\u00ebr sezonin 2023 \u2013 2024. Evenimenti po realizohet p\u00ebr her\u00eb t\u00eb par\u00eb n\u00eb Kosov\u00eb dhe p\u00ebr her\u00eb t\u00eb<\/p>\n","protected":false},"author":1,"featured_media":6192,"comment_status":"open","ping_status":"open","sticky":false,"template":"","format":"standard","meta":{"footnotes":""},"categories":[125,7,32],"tags":[],"class_list":{"0":"post-6190","1":"post","2":"type-post","3":"status-publish","4":"format-standard","5":"has-post-thumbnail","7":"category-awards-kosova","8":"category-fashion","9":"category-trend-business"},"_links":{"self":[{"href":"https:\/\/revistatrend.com\/index.php\/wp-json\/wp\/v2\/posts\/6190","targetHints":{"allow":["GET"]}}],"collection":[{"href":"https:\/\/revistatrend.com\/index.php\/wp-json\/wp\/v2\/posts"}],"about":[{"href":"https:\/\/revistatrend.com\/index.php\/wp-json\/wp\/v2\/types\/post"}],"author":[{"embeddable":true,"href":"https:\/\/revistatrend.com\/index.php\/wp-json\/wp\/v2\/users\/1"}],"replies":[{"embeddable":true,"href":"https:\/\/revistatrend.com\/index.php\/wp-json\/wp\/v2\/comments?post=6190"}],"version-history":[{"count":1,"href":"https:\/\/revistatrend.com\/index.php\/wp-json\/wp\/v2\/posts\/6190\/revisions"}],"predecessor-version":[{"id":6193,"href":"https:\/\/revistatrend.com\/index.php\/wp-json\/wp\/v2\/posts\/6190\/revisions\/6193"}],"wp:featuredmedia":[{"embeddable":true,"href":"https:\/\/revistatrend.com\/index.php\/wp-json\/wp\/v2\/media\/6192"}],"wp:attachment":[{"href":"https:\/\/revistatrend.com\/index.php\/wp-json\/wp\/v2\/media?parent=6190"}],"wp:term":[{"taxonomy":"category","embeddable":true,"href":"https:\/\/revistatrend.com\/index.php\/wp-json\/wp\/v2\/categories?post=6190"},{"taxonomy":"post_tag","embeddable":true,"href":"https:\/\/revistatrend.com\/index.php\/wp-json\/wp\/v2\/tags?post=6190"}],"curies":[{"name":"wp","href":"https:\/\/api.w.org\/{rel}","templated":true}]}}