{"id":6194,"date":"2024-04-05T12:11:47","date_gmt":"2024-04-05T12:11:47","guid":{"rendered":"https:\/\/revistatrend.com\/?p=6194"},"modified":"2024-04-05T12:11:47","modified_gmt":"2024-04-05T12:11:47","slug":"trend-excellence-gentiana-berisha","status":"publish","type":"post","link":"https:\/\/revistatrend.com\/index.php\/2024\/04\/05\/trend-excellence-gentiana-berisha\/","title":{"rendered":"TREND\u00a0 EXCELLENCE\u00a0 \u2013 \u201cGENTIANA BERISHA&#8221;"},"content":{"rendered":"<h2><strong>TREND\u00a0 EXCELLENCE\u00a0 \u2013 \u201cGENTIANA BERISHA&#8221;<\/strong><\/h2>\n<h4><strong>Perzgjedhur ne kategorine e \u201cFashion Designer\u201d ne \u201cAwards Business Trend Kosova 2024\u201d<\/strong><\/h4>\n<p><strong>\u201cAwards Business Trend Kosova 2024\u201d<\/strong>\u00a0\u00ebsht\u00eb evenimenti i vler\u00ebsimit t\u00eb bizneseve\u00a0 dhe subjekteve m\u00eb t\u00eb p\u00eblqyera n\u00eb Kosov\u00eb dhe jashte saj\u00a0 p\u00ebr sezonin 2023 \u2013 2024. Evenimenti po realizohet p\u00ebr her\u00eb t\u00eb par\u00eb n\u00eb Kosov\u00eb dhe p\u00ebr her\u00eb t\u00eb 7-t\u00eb n\u00eb Shqip\u00ebri. Pas fushat\u00ebs disa mujore t\u00eb sondazheve t\u00eb realizuara n\u00eb 3 rryma t\u00eb ndryshme, tashm\u00eb ambasador\u00ebt q\u00eb p\u00ebrfaq\u00ebsojn\u00eb ngjarjen m\u00eb t\u00eb madhe t\u00eb biznesit n\u00eb Kosov\u00eb, kan\u00eb dh\u00ebn\u00eb mendimet e tyre p\u00ebr bizneset dhe personazhet m\u00eb t\u00eb p\u00eblqyera p\u00ebr sezonin 2023 \u2013 2024. Juria profesionale e p\u00ebrb\u00ebr\u00eb nga \u201cTrend Ambassador\u201d n\u00eb emrat e shquar: Albina Kelmendi \u2013 Labinot Krasniqi, Teuta Krasniqi \u2013 Sellma Kasumoviq \u2013 Agnesa Vuthaj \u2013 Ilir Geci \u2013 Blerona Zeqiri \u2013 Arian Zeka \u2013 Shemsije Dermaku \u2013 Bedri Kasumi &amp; Kushtrim Ajvazi \u2013 Lena Krasniqi \u2013 Arian Idrizaj \u2013 Alban Zogjani \u2013 Agim Shanini. Ekipi Trend Ambassador 2024 shpreh vler\u00ebsimet maksimale p\u00ebr subjektet e perzgjedhura ne maratonen e publikimeve te tyre\u00a0 \u201d. Kliko:\u00a0<a href=\"https:\/\/www.youtube.com\/watch?v=V50sf73LUk8&amp;t=3s\">https:\/\/www.youtube.com\/watch?v=V50sf73LUk8&amp;t=<\/a><\/p>\n<h2><strong>\u201cGENTIANA BERISHA&#8221;<\/strong><\/h2>\n<div class=\"flex-1 overflow-hidden\">\n<div class=\"react-scroll-to-bottom--css-ekcaf-79elbk h-full\">\n<div class=\"react-scroll-to-bottom--css-ekcaf-1n7m0yu\">\n<div class=\"flex flex-col text-sm pb-9\">\n<div class=\"w-full text-token-text-primary\" data-testid=\"conversation-turn-17\">\n<div class=\"px-4 py-2 justify-center text-base md:gap-6 m-auto\">\n<div class=\"flex flex-1 text-base mx-auto gap-3 md:px-5 lg:px-1 xl:px-5 md:max-w-3xl lg:max-w-[40rem] xl:max-w-[48rem] group final-completion\">\n<div class=\"relative flex w-full flex-col agent-turn\">\n<div class=\"flex-col gap-1 md:gap-3\">\n<div class=\"flex flex-grow flex-col max-w-full\">\n<div class=\"min-h-[20px] text-message flex flex-col items-start gap-3 whitespace-pre-wrap break-words [.text-message+&amp;]:mt-5 overflow-x-auto\" data-message-author-role=\"assistant\" data-message-id=\"fcff212c-1c37-4cc9-a941-7dec6e2a49d7\">\n<div class=\"markdown prose w-full break-words dark:prose-invert light\">\n<p>Kur flitet p\u00ebr kriacionet e veshjeve, nj\u00eb em\u00ebr q\u00eb shk\u00eblqen ne artin e krijimtarise:\u00a0 Gentiana Berisha. Talentin e saj t\u00eb jasht\u00ebzakonsh\u00ebm n\u00eb artin e dizajnit t\u00eb mod\u00ebs e ka b\u00ebr\u00eb q\u00eb brandi i saj t\u00eb jet\u00eb i njohur n\u00eb shum\u00eb shtete t\u00eb bot\u00ebs, duke u shnd\u00ebrruar n\u00eb nj\u00eb pjese t\u00eb r\u00ebnd\u00ebsishme t\u00eb ngjarjeve m\u00eb t\u00eb m\u00ebdha nd\u00ebrkomb\u00ebtare.<\/p>\n<p>Veshjet e saja kane arritur te perzgjidhjen ne pjes\u00ebmarrjet e shume personazheve n\u00eb &#8220;International Awards&#8221; dhe suksesi i arritur n\u00eb to jan\u00eb d\u00ebshmi e v\u00ebrtet\u00eb e nivelit t\u00eb lart\u00eb t\u00eb kreativitetit dhe cil\u00ebsis\u00eb s\u00eb pun\u00ebs s\u00eb saj. Krijimet e saj t\u00eb fustaneve ceremoniale, fustaneve p\u00ebr dasma, dhe p\u00ebr raste speciale jan\u00eb b\u00ebr\u00eb pjes\u00eb e pandashme e garderob\u00ebs s\u00eb shum\u00eb femrave t\u00eb cilat k\u00ebrkojn\u00eb t\u00eb ndjehen unike dhe t\u00ebrheq\u00ebse n\u00eb \u00e7do rast.<\/p>\n<p>Me vendndodhje n\u00eb Suharek\u00eb, Gentiana Berisha \u00ebsht\u00eb nj\u00eb pik\u00eb referimi p\u00ebr ata q\u00eb jan\u00eb t\u00eb interesuar p\u00ebr dizajnin e mod\u00ebs n\u00eb Kosov\u00eb dhe jasht\u00eb saj. Pasioni dhe talenti p\u00ebr pun\u00ebn e saj jan\u00eb thelbi i \u00e7do krijimi, duke b\u00ebr\u00eb t\u00eb pamundur\u00ebn t\u00eb b\u00ebhet e mundur p\u00ebr secil\u00ebn kliente t\u00eb saj.<\/p>\n<p>P\u00ebr ata q\u00eb k\u00ebrkojn\u00eb veshje t\u00eb shk\u00eblqyera dhe t\u00eb personalizuara p\u00ebr raste t\u00eb ve\u00e7anta, emri i Gentiana Berisha \u00ebsht\u00eb nj\u00eb garanci p\u00ebr cil\u00ebsi dhe stil t\u00eb nj\u00eb niveli t\u00eb lart\u00eb.<\/p>\n<p><img fetchpriority=\"high\" decoding=\"async\" class=\"alignnone size-full wp-image-6195\" src=\"https:\/\/revistatrend.com\/wp-content\/uploads\/2024\/04\/CD8FACB8-5D9E-41AA-9B80-78F8F9CD20EB.webp\" alt=\"\" width=\"1100\" height=\"1576\" srcset=\"https:\/\/revistatrend.com\/wp-content\/uploads\/2024\/04\/CD8FACB8-5D9E-41AA-9B80-78F8F9CD20EB.webp 1100w, https:\/\/revistatrend.com\/wp-content\/uploads\/2024\/04\/CD8FACB8-5D9E-41AA-9B80-78F8F9CD20EB-209x300.webp 209w, https:\/\/revistatrend.com\/wp-content\/uploads\/2024\/04\/CD8FACB8-5D9E-41AA-9B80-78F8F9CD20EB-715x1024.webp 715w, https:\/\/revistatrend.com\/wp-content\/uploads\/2024\/04\/CD8FACB8-5D9E-41AA-9B80-78F8F9CD20EB-768x1100.webp 768w, https:\/\/revistatrend.com\/wp-content\/uploads\/2024\/04\/CD8FACB8-5D9E-41AA-9B80-78F8F9CD20EB-1072x1536.webp 1072w, https:\/\/revistatrend.com\/wp-content\/uploads\/2024\/04\/CD8FACB8-5D9E-41AA-9B80-78F8F9CD20EB-150x215.webp 150w, https:\/\/revistatrend.com\/wp-content\/uploads\/2024\/04\/CD8FACB8-5D9E-41AA-9B80-78F8F9CD20EB-450x645.webp 450w\" sizes=\"(max-width: 1100px) 100vw, 1100px\" \/><\/p>\n<\/div>\n<\/div>\n<\/div>\n<div class=\"mt-1 flex justify-start gap-3 empty:hidden\">\n<div class=\"text-gray-400 flex self-end lg:self-center items-center justify-center lg:justify-start mt-0 -ml-1 h-7 gap-[2px] visible\">\n<div class=\"flex items-center gap-1.5 text-xs\"><\/div>\n<div class=\"flex\"><\/div>\n<\/div>\n<\/div>\n<div class=\"pr-2 lg:pr-0\"><\/div>\n<\/div>\n<div class=\"absolute\">\n<div class=\"flex w-full gap-2 items-center justify-center\"><\/div>\n<\/div>\n<\/div>\n<\/div>\n<\/div>\n<\/div>\n<\/div>\n<\/div>\n<\/div>\n<\/div>\n<div class=\"w-full pt-2 md:pt-0 dark:border-white\/20 md:border-transparent md:dark:border-transparent md:w-[calc(100%-.5rem)]\">\n<form class=\"stretch mx-2 flex flex-row gap-3 last:mb-2 md:mx-4 md:last:mb-6 lg:mx-auto lg:max-w-2xl xl:max-w-3xl\">\n<div class=\"relative flex h-full flex-1 flex-col\">\n<div class=\"absolute bottom-full left-0 right-0\"><\/div>\n<div class=\"flex w-full items-center\"><\/div>\n<\/div>\n<\/form>\n<\/div>\n","protected":false},"excerpt":{"rendered":"<p>TREND\u00a0 EXCELLENCE\u00a0 \u2013 \u201cGENTIANA BERISHA&#8221; Perzgjedhur ne kategorine e \u201cFashion Designer\u201d ne \u201cAwards Business Trend Kosova 2024\u201d \u201cAwards Business Trend Kosova 2024\u201d\u00a0\u00ebsht\u00eb evenimenti i vler\u00ebsimit t\u00eb bizneseve\u00a0 dhe subjekteve m\u00eb t\u00eb p\u00eblqyera n\u00eb Kosov\u00eb dhe jashte saj\u00a0 p\u00ebr sezonin 2023 \u2013 2024. Evenimenti po realizohet p\u00ebr her\u00eb t\u00eb par\u00eb n\u00eb Kosov\u00eb dhe p\u00ebr her\u00eb t\u00eb<\/p>\n","protected":false},"author":1,"featured_media":6196,"comment_status":"open","ping_status":"open","sticky":false,"template":"","format":"standard","meta":{"footnotes":""},"categories":[125,7,32],"tags":[],"class_list":{"0":"post-6194","1":"post","2":"type-post","3":"status-publish","4":"format-standard","5":"has-post-thumbnail","7":"category-awards-kosova","8":"category-fashion","9":"category-trend-business"},"_links":{"self":[{"href":"https:\/\/revistatrend.com\/index.php\/wp-json\/wp\/v2\/posts\/6194","targetHints":{"allow":["GET"]}}],"collection":[{"href":"https:\/\/revistatrend.com\/index.php\/wp-json\/wp\/v2\/posts"}],"about":[{"href":"https:\/\/revistatrend.com\/index.php\/wp-json\/wp\/v2\/types\/post"}],"author":[{"embeddable":true,"href":"https:\/\/revistatrend.com\/index.php\/wp-json\/wp\/v2\/users\/1"}],"replies":[{"embeddable":true,"href":"https:\/\/revistatrend.com\/index.php\/wp-json\/wp\/v2\/comments?post=6194"}],"version-history":[{"count":1,"href":"https:\/\/revistatrend.com\/index.php\/wp-json\/wp\/v2\/posts\/6194\/revisions"}],"predecessor-version":[{"id":6198,"href":"https:\/\/revistatrend.com\/index.php\/wp-json\/wp\/v2\/posts\/6194\/revisions\/6198"}],"wp:featuredmedia":[{"embeddable":true,"href":"https:\/\/revistatrend.com\/index.php\/wp-json\/wp\/v2\/media\/6196"}],"wp:attachment":[{"href":"https:\/\/revistatrend.com\/index.php\/wp-json\/wp\/v2\/media?parent=6194"}],"wp:term":[{"taxonomy":"category","embeddable":true,"href":"https:\/\/revistatrend.com\/index.php\/wp-json\/wp\/v2\/categories?post=6194"},{"taxonomy":"post_tag","embeddable":true,"href":"https:\/\/revistatrend.com\/index.php\/wp-json\/wp\/v2\/tags?post=6194"}],"curies":[{"name":"wp","href":"https:\/\/api.w.org\/{rel}","templated":true}]}}