{"id":6208,"date":"2024-04-05T13:41:22","date_gmt":"2024-04-05T13:41:22","guid":{"rendered":"https:\/\/revistatrend.com\/?p=6208"},"modified":"2024-04-05T13:41:22","modified_gmt":"2024-04-05T13:41:22","slug":"trend-excellence-mado-kosova","status":"publish","type":"post","link":"https:\/\/revistatrend.com\/index.php\/2024\/04\/05\/trend-excellence-mado-kosova\/","title":{"rendered":"TREND\u00a0 EXCELLENCE\u00a0 \u2013 \u201cMADO KOSOVA&#8221;"},"content":{"rendered":"<h2><strong>TREND\u00a0 EXCELLENCE\u00a0 \u2013 \u201cMADO KOSOVA&#8221;<\/strong><\/h2>\n<h4><strong>Perzgjedhur ne kategorine e \u201cRESTAURANTS &amp; COFFE\u201d ne \u201cAwards Business Trend Kosova 2024\u201d<\/strong><\/h4>\n<p><strong>\u201cAwards Business Trend Kosova 2024\u201d<\/strong>\u00a0\u00ebsht\u00eb evenimenti i vler\u00ebsimit t\u00eb bizneseve\u00a0 dhe subjekteve m\u00eb t\u00eb p\u00eblqyera n\u00eb Kosov\u00eb dhe jashte saj\u00a0 p\u00ebr sezonin 2023 \u2013 2024. Evenimenti po realizohet p\u00ebr her\u00eb t\u00eb par\u00eb n\u00eb Kosov\u00eb dhe p\u00ebr her\u00eb t\u00eb 7-t\u00eb n\u00eb Shqip\u00ebri. Pas fushat\u00ebs disa mujore t\u00eb sondazheve t\u00eb realizuara n\u00eb 3 rryma t\u00eb ndryshme, tashm\u00eb ambasador\u00ebt q\u00eb p\u00ebrfaq\u00ebsojn\u00eb ngjarjen m\u00eb t\u00eb madhe t\u00eb biznesit n\u00eb Kosov\u00eb, kan\u00eb dh\u00ebn\u00eb mendimet e tyre p\u00ebr bizneset dhe personazhet m\u00eb t\u00eb p\u00eblqyera p\u00ebr sezonin 2023 \u2013 2024. Juria profesionale e p\u00ebrb\u00ebr\u00eb nga \u201cTrend Ambassador\u201d n\u00eb emrat e shquar: Albina Kelmendi \u2013 Labinot Krasniqi, Teuta Krasniqi \u2013 Sellma Kasumoviq \u2013 Agnesa Vuthaj \u2013 Ilir Geci \u2013 Blerona Zeqiri \u2013 Arian Zeka \u2013 Shemsije Dermaku \u2013 Bedri Kasumi &amp; Kushtrim Ajvazi \u2013 Lena Krasniqi \u2013 Arian Idrizaj \u2013 Alban Zogjani \u2013 Agim Shanini. Ekipi Trend Ambassador 2024 shpreh vler\u00ebsimet maksimale p\u00ebr subjektet e perzgjedhura ne maratonen e publikimeve te tyre\u00a0 \u201d. Kliko:\u00a0<a href=\"https:\/\/www.youtube.com\/watch?v=V50sf73LUk8&amp;t=3s\">https:\/\/www.youtube.com\/watch?v=V50sf73LUk8&amp;t=<\/a><\/p>\n<h2><strong>\u201cMADO KOSOVA&#8221;<\/strong><\/h2>\n<p>Mado Kosova \u00ebsht\u00eb m\u00eb shum\u00eb se thjesht nj\u00eb vend p\u00ebr t\u00eb ngr\u00ebn\u00eb &#8211; \u00ebsht\u00eb nj\u00eb p\u00ebrvoj\u00eb gastronomike q\u00eb i prek t\u00eb gjitha shijet. Me specialitetet e tij t\u00eb shijshme, Mado ka b\u00ebr\u00eb t\u00eb mundur q\u00eb t\u00eb jet\u00eb nj\u00eb magnet p\u00ebr shum\u00eb dashamir\u00ebs t\u00eb ushqimit n\u00eb Kosov\u00eb.<\/p>\n<p><img fetchpriority=\"high\" decoding=\"async\" class=\"alignnone size-full wp-image-6209\" src=\"https:\/\/revistatrend.com\/wp-content\/uploads\/2024\/04\/431597892_293943847054167_7269342685526877882_n.jpg\" alt=\"\" width=\"1080\" height=\"1080\" srcset=\"https:\/\/revistatrend.com\/wp-content\/uploads\/2024\/04\/431597892_293943847054167_7269342685526877882_n.jpg 1080w, https:\/\/revistatrend.com\/wp-content\/uploads\/2024\/04\/431597892_293943847054167_7269342685526877882_n-300x300.jpg 300w, https:\/\/revistatrend.com\/wp-content\/uploads\/2024\/04\/431597892_293943847054167_7269342685526877882_n-1024x1024.jpg 1024w, https:\/\/revistatrend.com\/wp-content\/uploads\/2024\/04\/431597892_293943847054167_7269342685526877882_n-150x150.jpg 150w, https:\/\/revistatrend.com\/wp-content\/uploads\/2024\/04\/431597892_293943847054167_7269342685526877882_n-768x768.jpg 768w, https:\/\/revistatrend.com\/wp-content\/uploads\/2024\/04\/431597892_293943847054167_7269342685526877882_n-450x450.jpg 450w\" sizes=\"(max-width: 1080px) 100vw, 1080px\" \/><\/p>\n<p>N\u00eb Mado, nuk \u00ebsht\u00eb vet\u00ebm p\u00ebr t\u00eb ngr\u00ebn\u00eb, por p\u00ebr t\u00eb eksperimentuar nj\u00eb larmi t\u00eb ushqimeve t\u00eb shijshme q\u00eb jan\u00eb krijuar me kujdes dhe pasion nga guzhina e tyre e ve\u00e7ant\u00eb. P\u00ebrshkruar nga pijet e fresk\u00ebta, akullor\u00ebt fantastike dhe deri te emb\u00eblsirat e vecanta, secili qe zgjedhje n\u00eb Mado \u00ebsht\u00eb nj\u00eb fest\u00eb p\u00ebr shijet e saj.<\/p>\n<p>N\u00eb sht\u00ebpin\u00eb e tyre t\u00eb rehatshme dhe t\u00eb bukur, Mado ofron gjithashtu nj\u00eb gastronomi ushqimore p\u00ebr darka apo dreka me shoq\u00ebrin\u00eb tuaj. Ambienti i tyre mikprit\u00ebs dhe atmosfera e ngroht\u00eb b\u00ebn\u00eb q\u00eb \u00e7do vizit\u00eb t\u00eb ndjehet si nj\u00eb fest\u00eb e ve\u00e7ant\u00eb p\u00ebr t\u00eb gjith\u00eb.<\/p>\n<p>Me nj\u00eb angazhim t\u00eb vazhduesh\u00ebm p\u00ebr cil\u00ebsin\u00eb dhe shijen, Mado Kosova \u00ebsht\u00eb nj\u00eb destinacion i p\u00ebrsosur p\u00ebr t\u00eb shijuar nj\u00eb nd\u00ebrprerje nga rutina e p\u00ebrditshme dhe p\u00ebr t\u00eb festuar shijet e jet\u00ebs. P\u00ebr nj\u00eb p\u00ebrvoj\u00eb gastronomike q\u00eb do t\u00eb kujtohet gjat\u00eb, nuk ka vend m\u00eb t\u00eb mir\u00eb se Mado Kosova.<\/p>\n<p><img decoding=\"async\" class=\"alignnone size-full wp-image-6210\" src=\"https:\/\/revistatrend.com\/wp-content\/uploads\/2024\/04\/434270991_298890909892794_902112115667468521_n.jpg\" alt=\"\" width=\"1080\" height=\"1080\" srcset=\"https:\/\/revistatrend.com\/wp-content\/uploads\/2024\/04\/434270991_298890909892794_902112115667468521_n.jpg 1080w, https:\/\/revistatrend.com\/wp-content\/uploads\/2024\/04\/434270991_298890909892794_902112115667468521_n-300x300.jpg 300w, https:\/\/revistatrend.com\/wp-content\/uploads\/2024\/04\/434270991_298890909892794_902112115667468521_n-1024x1024.jpg 1024w, https:\/\/revistatrend.com\/wp-content\/uploads\/2024\/04\/434270991_298890909892794_902112115667468521_n-150x150.jpg 150w, https:\/\/revistatrend.com\/wp-content\/uploads\/2024\/04\/434270991_298890909892794_902112115667468521_n-768x768.jpg 768w, https:\/\/revistatrend.com\/wp-content\/uploads\/2024\/04\/434270991_298890909892794_902112115667468521_n-450x450.jpg 450w\" sizes=\"(max-width: 1080px) 100vw, 1080px\" \/><\/p>\n<p>&nbsp;<\/p>\n","protected":false},"excerpt":{"rendered":"<p>TREND\u00a0 EXCELLENCE\u00a0 \u2013 \u201cMADO KOSOVA&#8221; Perzgjedhur ne kategorine e \u201cRESTAURANTS &amp; COFFE\u201d ne \u201cAwards Business Trend Kosova 2024\u201d \u201cAwards Business Trend Kosova 2024\u201d\u00a0\u00ebsht\u00eb evenimenti i vler\u00ebsimit t\u00eb bizneseve\u00a0 dhe subjekteve m\u00eb t\u00eb p\u00eblqyera n\u00eb Kosov\u00eb dhe jashte saj\u00a0 p\u00ebr sezonin 2023 \u2013 2024. Evenimenti po realizohet p\u00ebr her\u00eb t\u00eb par\u00eb n\u00eb Kosov\u00eb dhe p\u00ebr her\u00eb<\/p>\n","protected":false},"author":1,"featured_media":6211,"comment_status":"open","ping_status":"open","sticky":false,"template":"","format":"standard","meta":{"footnotes":""},"categories":[125,9,32],"tags":[],"class_list":{"0":"post-6208","1":"post","2":"type-post","3":"status-publish","4":"format-standard","5":"has-post-thumbnail","7":"category-awards-kosova","8":"category-travel","9":"category-trend-business"},"_links":{"self":[{"href":"https:\/\/revistatrend.com\/index.php\/wp-json\/wp\/v2\/posts\/6208","targetHints":{"allow":["GET"]}}],"collection":[{"href":"https:\/\/revistatrend.com\/index.php\/wp-json\/wp\/v2\/posts"}],"about":[{"href":"https:\/\/revistatrend.com\/index.php\/wp-json\/wp\/v2\/types\/post"}],"author":[{"embeddable":true,"href":"https:\/\/revistatrend.com\/index.php\/wp-json\/wp\/v2\/users\/1"}],"replies":[{"embeddable":true,"href":"https:\/\/revistatrend.com\/index.php\/wp-json\/wp\/v2\/comments?post=6208"}],"version-history":[{"count":1,"href":"https:\/\/revistatrend.com\/index.php\/wp-json\/wp\/v2\/posts\/6208\/revisions"}],"predecessor-version":[{"id":6212,"href":"https:\/\/revistatrend.com\/index.php\/wp-json\/wp\/v2\/posts\/6208\/revisions\/6212"}],"wp:featuredmedia":[{"embeddable":true,"href":"https:\/\/revistatrend.com\/index.php\/wp-json\/wp\/v2\/media\/6211"}],"wp:attachment":[{"href":"https:\/\/revistatrend.com\/index.php\/wp-json\/wp\/v2\/media?parent=6208"}],"wp:term":[{"taxonomy":"category","embeddable":true,"href":"https:\/\/revistatrend.com\/index.php\/wp-json\/wp\/v2\/categories?post=6208"},{"taxonomy":"post_tag","embeddable":true,"href":"https:\/\/revistatrend.com\/index.php\/wp-json\/wp\/v2\/tags?post=6208"}],"curies":[{"name":"wp","href":"https:\/\/api.w.org\/{rel}","templated":true}]}}