{"id":6241,"date":"2024-04-05T15:51:52","date_gmt":"2024-04-05T15:51:52","guid":{"rendered":"https:\/\/revistatrend.com\/?p=6241"},"modified":"2024-04-05T15:51:52","modified_gmt":"2024-04-05T15:51:52","slug":"trend-excellence-ibas","status":"publish","type":"post","link":"https:\/\/revistatrend.com\/index.php\/2024\/04\/05\/trend-excellence-ibas\/","title":{"rendered":"TREND\u00a0 EXCELLENCE\u00a0 \u2013 \u201cIBAS&#8221;"},"content":{"rendered":"<h2><strong>TREND\u00a0 EXCELLENCE\u00a0 \u2013 \u201cIBAS&#8221;<\/strong><\/h2>\n<h3><strong>Perzgjedhur ne kategorine e \u201cInovation Financial&#8221;<\/strong>\u00a0<strong>ne \u201cAwards Business Trend Kosova 2024\u201d<\/strong><\/h3>\n<p><strong>\u201cAwards Business Trend Kosova 2024\u201d<\/strong>\u00a0\u00ebsht\u00eb evenimenti i vler\u00ebsimit t\u00eb bizneseve\u00a0 dhe subjekteve m\u00eb t\u00eb p\u00eblqyera n\u00eb Kosov\u00eb dhe jashte saj\u00a0 p\u00ebr sezonin 2023 \u2013 2024. Evenimenti po realizohet p\u00ebr her\u00eb t\u00eb par\u00eb n\u00eb Kosov\u00eb dhe p\u00ebr her\u00eb t\u00eb 7-t\u00eb n\u00eb Shqip\u00ebri. Pas fushat\u00ebs disa mujore t\u00eb sondazheve t\u00eb realizuara n\u00eb 3 rryma t\u00eb ndryshme, tashm\u00eb ambasador\u00ebt q\u00eb p\u00ebrfaq\u00ebsojn\u00eb ngjarjen m\u00eb t\u00eb madhe t\u00eb biznesit n\u00eb Kosov\u00eb, kan\u00eb dh\u00ebn\u00eb mendimet e tyre p\u00ebr bizneset dhe personazhet m\u00eb t\u00eb p\u00eblqyera p\u00ebr sezonin 2023 \u2013 2024. Juria profesionale e p\u00ebrb\u00ebr\u00eb nga \u201cTrend Ambassador\u201d n\u00eb emrat e shquar: Albina Kelmendi \u2013 Labinot Krasniqi, Teuta Krasniqi \u2013 Sellma Kasumoviq \u2013 Agnesa Vuthaj \u2013 Ilir Geci \u2013 Blerona Zeqiri \u2013 Arian Zeka \u2013 Shemsije Dermaku \u2013 Bedri Kasumi &amp; Kushtrim Ajvazi \u2013 Lena Krasniqi \u2013 Arian Idrizaj \u2013 Alban Zogjani \u2013 Agim Shanini. Ekipi Trend Ambassador 2024 shpreh vler\u00ebsimet maksimale p\u00ebr subjektet e perzgjedhura ne maratonen e publikimeve te tyre\u00a0 \u201d. Kliko:\u00a0<a href=\"https:\/\/www.youtube.com\/watch?v=V50sf73LUk8&amp;t=3s\">https:\/\/www.youtube.com\/watch?v=V50sf73LUk8&amp;t=<\/a><\/p>\n<h2><strong>\u201cIBAS&#8221;<\/strong><\/h2>\n<p>IBAS lindi n\u00eb vitin 2019, i sjell\u00eb n\u00eb jet\u00eb nga nj\u00eb grup pasionant vizionar\u00ebsh t\u00eb vendosur p\u00ebr t\u00eb revolucionarizuar peizazhin financiar, n\u00eb mbar\u00eb bot\u00ebn, duke filluar nga Kosova. Me ambicie dhe p\u00ebrkushtim t\u00eb pal\u00ebkundur, te lincensuar nga Banka Qendrore, duke u vendosur si nj\u00eb emetues kryesor i parave elektronike dhe ofrues krediti p\u00ebr pagesat. M\u00eb von\u00eb ne zgjeruam licenc\u00ebn ton\u00eb me K\u00ebshilltarin e Investimeve p\u00ebr blerjen ose shitjen e aksioneve, obligacioneve dhe obligacioneve t\u00eb konvertueshme.<br \/>\nQ\u00eb nga fillimi, IBAS ka qen\u00eb nj\u00eb pionier n\u00eb teknologjin\u00eb m\u00eb t\u00eb avancuar, duke ndjekur inovacione p\u00ebr\u00e7ar\u00ebse q\u00eb rip\u00ebrcaktojn\u00eb transfertat e pagesave, transfertat e parave dhe sh\u00ebrbimet e kreditit. Ndjekja jon\u00eb e pam\u00ebshirshme p\u00ebr inovacion dhe p\u00ebrsosm\u00ebri kulmoi me nj\u00eb fitore ting\u00eblluese n\u00eb \u00e7mimet e vler\u00ebsuara t\u00eb ICT n\u00eb 2021 p\u00ebr inovacionin, ku me krenari pretenduam \u00e7mimin kryesor.<br \/>\nN\u00eb IBAS, ne besojm\u00eb fuqish\u00ebm n\u00eb formimin e nj\u00eb t\u00eb ardhmeje m\u00eb t\u00eb ndritshme p\u00ebr financat, ku aksesi, komoditeti dhe efikasiteti nuk njohin kufij.<\/p>\n<p><strong>Misioni<\/strong><br \/>\nMisioni yn\u00eb \u00ebsht\u00eb t\u00eb ofrojm\u00eb sh\u00ebrbime t\u00eb thjeshtuara duke zgjeruar p\u00ebrfitimet.<br \/>\nVizioni<br \/>\nNe p\u00ebrpiqemi t\u00eb jemi ofruesi kryesor i instrumenteve financiare novatore p\u00ebr pagesat, transfertat e parave dhe sh\u00ebrbimet e kreditit.<br \/>\nDisa nga vlerat thelb\u00ebsore<br \/>\nIntegriteti, sinqeriteti, p\u00ebrgjegjshm\u00ebria, pasioni, modestia, diversiteti, cil\u00ebsia, thjesht\u00ebsia dhe p\u00ebrgjegj\u00ebsia sociale.<\/p>\n<h5><strong>ibas<\/strong><br \/>\nPopulli dhe Kultura<br \/>\nN\u00eb IBAS, ne besojm\u00eb fuqish\u00ebm se arritjet tona jan\u00eb produkt i dy komponent\u00ebve thelb\u00ebsor\u00eb: individ\u00ebve tan\u00eb t\u00eb jasht\u00ebzakonsh\u00ebm dhe kultur\u00ebs son\u00eb unike. Ne jemi t\u00eb pal\u00ebkundur n\u00eb bindjen ton\u00eb se talentet e shquara, q\u00eb lul\u00ebzojn\u00eb brenda nj\u00eb mjedisi frym\u00ebzimi, jan\u00eb t\u00eb gatsh\u00ebm t\u00eb gjenerojn\u00eb rezultatet m\u00eb t\u00eb jasht\u00ebzakonshme.<br \/>\nN\u00ebse e imagjinoni veten si dikush q\u00eb mund t\u00eb kontribuoj\u00eb me njohuri t\u00eb vlefshme p\u00ebr organizat\u00ebn ton\u00eb, ju mir\u00ebpresim t\u00eb b\u00ebni hapin tjet\u00ebr. Mos ngurroni t\u00eb na d\u00ebrgoni CV-n\u00eb tuaj dhe nj\u00eb let\u00ebr motivuese n\u00eb hr@ibas.world. Aspiratat tuaja n\u00eb p\u00ebrputhje me vizionin ton\u00eb mund t\u00eb jen\u00eb katalizatori p\u00ebr nj\u00eb udh\u00ebtim t\u00eb jasht\u00ebzakonsh\u00ebm s\u00eb bashku.<\/h5>\n<p><strong>Takoni stafin ton\u00eb<\/strong><br \/>\nibas<br \/>\nDiversiteti dhe P\u00ebrfshirja<br \/>\nN\u00eb IBAS, ne festojm\u00eb pasurin\u00eb q\u00eb diversiteti i sjell ekipit, kultur\u00ebs dhe aft\u00ebsive tona kolektive. Ne besojm\u00eb fuqish\u00ebm se nj\u00eb tapiceri e gjall\u00eb e prejardhjeve, p\u00ebrvojave dhe perspektivave nxit inovacionin dhe na drejton drejt suksesit m\u00eb t\u00eb madh.<br \/>\nAngazhimi yn\u00eb p\u00ebr p\u00ebrfshirje shtrihet p\u00ebrtej fjal\u00ebve t\u00eb thjeshta. Ne kultivojm\u00eb n\u00eb m\u00ebnyr\u00eb aktive nj\u00eb mjedis ku \u00e7do individ ndihet i vler\u00ebsuar, i respektuar dhe i fuqizuar p\u00ebr t\u00eb kontribuar me talentet e tij unike. Duke nxitur nj\u00eb atmosfer\u00eb dialogu t\u00eb hapur dhe mir\u00ebkuptim t\u00eb nd\u00ebrsjell\u00eb, ne krijojm\u00eb mund\u00ebsi p\u00ebr bashk\u00ebpunim q\u00eb i kap\u00ebrcejn\u00eb kufijt\u00eb.<br \/>\nNe e p\u00ebrqafojm\u00eb diversitetin si nj\u00eb burim krijimtarie, duke na mund\u00ebsuar t&#8217;u qasemi sfidave nga k\u00ebndv\u00ebshtrime t\u00eb ndryshme dhe t\u00eb zhvillojm\u00eb zgjidhje q\u00eb rezonojn\u00eb me nj\u00eb audienc\u00eb globale. Ky angazhim reflektohet jo vet\u00ebm n\u00eb fuqin\u00eb ton\u00eb pun\u00ebtore, por edhe n\u00eb praktikat, politikat dhe m\u00ebnyr\u00ebn se si ne angazhohemi me partner\u00ebt dhe klient\u00ebt.<br \/>\nBashkohuni me ne n\u00eb udh\u00ebtimin ton\u00eb p\u00ebr t\u00eb p\u00ebrqafuar diversitetin dhe p\u00ebrfshirjen si gur\u00ebt themelor\u00eb t\u00eb identitetit ton\u00eb. S\u00eb bashku, ne po formojm\u00eb nj\u00eb t\u00eb ardhme m\u00eb t\u00eb ndritshme q\u00eb njeh dhe vler\u00ebson mozaikun e njer\u00ebzimit.<\/p>\n","protected":false},"excerpt":{"rendered":"<p>TREND\u00a0 EXCELLENCE\u00a0 \u2013 \u201cIBAS&#8221; Perzgjedhur ne kategorine e \u201cInovation Financial&#8221;\u00a0ne \u201cAwards Business Trend Kosova 2024\u201d \u201cAwards Business Trend Kosova 2024\u201d\u00a0\u00ebsht\u00eb evenimenti i vler\u00ebsimit t\u00eb bizneseve\u00a0 dhe subjekteve m\u00eb t\u00eb p\u00eblqyera n\u00eb Kosov\u00eb dhe jashte saj\u00a0 p\u00ebr sezonin 2023 \u2013 2024. Evenimenti po realizohet p\u00ebr her\u00eb t\u00eb par\u00eb n\u00eb Kosov\u00eb dhe p\u00ebr her\u00eb t\u00eb 7-t\u00eb n\u00eb<\/p>\n","protected":false},"author":1,"featured_media":6243,"comment_status":"open","ping_status":"open","sticky":false,"template":"","format":"standard","meta":{"footnotes":""},"categories":[125,32],"tags":[],"class_list":{"0":"post-6241","1":"post","2":"type-post","3":"status-publish","4":"format-standard","5":"has-post-thumbnail","7":"category-awards-kosova","8":"category-trend-business"},"_links":{"self":[{"href":"https:\/\/revistatrend.com\/index.php\/wp-json\/wp\/v2\/posts\/6241","targetHints":{"allow":["GET"]}}],"collection":[{"href":"https:\/\/revistatrend.com\/index.php\/wp-json\/wp\/v2\/posts"}],"about":[{"href":"https:\/\/revistatrend.com\/index.php\/wp-json\/wp\/v2\/types\/post"}],"author":[{"embeddable":true,"href":"https:\/\/revistatrend.com\/index.php\/wp-json\/wp\/v2\/users\/1"}],"replies":[{"embeddable":true,"href":"https:\/\/revistatrend.com\/index.php\/wp-json\/wp\/v2\/comments?post=6241"}],"version-history":[{"count":1,"href":"https:\/\/revistatrend.com\/index.php\/wp-json\/wp\/v2\/posts\/6241\/revisions"}],"predecessor-version":[{"id":6244,"href":"https:\/\/revistatrend.com\/index.php\/wp-json\/wp\/v2\/posts\/6241\/revisions\/6244"}],"wp:featuredmedia":[{"embeddable":true,"href":"https:\/\/revistatrend.com\/index.php\/wp-json\/wp\/v2\/media\/6243"}],"wp:attachment":[{"href":"https:\/\/revistatrend.com\/index.php\/wp-json\/wp\/v2\/media?parent=6241"}],"wp:term":[{"taxonomy":"category","embeddable":true,"href":"https:\/\/revistatrend.com\/index.php\/wp-json\/wp\/v2\/categories?post=6241"},{"taxonomy":"post_tag","embeddable":true,"href":"https:\/\/revistatrend.com\/index.php\/wp-json\/wp\/v2\/tags?post=6241"}],"curies":[{"name":"wp","href":"https:\/\/api.w.org\/{rel}","templated":true}]}}