{"id":6361,"date":"2024-04-06T12:48:30","date_gmt":"2024-04-06T12:48:30","guid":{"rendered":"https:\/\/revistatrend.com\/?p=6361"},"modified":"2024-04-06T12:48:30","modified_gmt":"2024-04-06T12:48:30","slug":"ngacmimet-jane-me-batuta-afrimiteti-me-robertin-ditea-nuk-do-te-krijoje-asnje-lidhje-dashurie","status":"publish","type":"post","link":"https:\/\/revistatrend.com\/index.php\/2024\/04\/06\/ngacmimet-jane-me-batuta-afrimiteti-me-robertin-ditea-nuk-do-te-krijoje-asnje-lidhje-dashurie\/","title":{"rendered":"\u201cNgacmimet jan\u00eb me batuta\u201d\/ Afrimiteti me Robertin, Ditea: Nuk do t\u00eb krijoj\u00eb asnj\u00eb lidhje dashurie!"},"content":{"rendered":"<p>Thashethemet dhe aludimet lidhur me raportin e Diteas dhe Robertit u diskutuan n\u00eb Ferma VIP. Ditea u tregua e prer\u00eb, duke th\u00ebn\u00eb qartazi se raporti i saj me Robertin \u00ebsht\u00eb vet\u00ebm shoq\u00ebror dhe nuk \u00ebsht\u00eb n\u00eb planin e saj q\u00eb t\u00eb krijoj\u00eb nj\u00eb marr\u00ebdh\u00ebnie dashurie gjat\u00eb rrug\u00ebtimit t\u00eb saj n\u00eb k\u00ebt\u00eb format.<\/p>\n<p><img fetchpriority=\"high\" decoding=\"async\" class=\"alignnone size-full wp-image-6225\" src=\"https:\/\/revistatrend.com\/wp-content\/uploads\/2024\/04\/Screenshot_20240404_153114_Instagram.jpg\" alt=\"\" width=\"1080\" height=\"993\" srcset=\"https:\/\/revistatrend.com\/wp-content\/uploads\/2024\/04\/Screenshot_20240404_153114_Instagram.jpg 1080w, https:\/\/revistatrend.com\/wp-content\/uploads\/2024\/04\/Screenshot_20240404_153114_Instagram-300x276.jpg 300w, https:\/\/revistatrend.com\/wp-content\/uploads\/2024\/04\/Screenshot_20240404_153114_Instagram-1024x942.jpg 1024w, https:\/\/revistatrend.com\/wp-content\/uploads\/2024\/04\/Screenshot_20240404_153114_Instagram-768x706.jpg 768w, https:\/\/revistatrend.com\/wp-content\/uploads\/2024\/04\/Screenshot_20240404_153114_Instagram-150x138.jpg 150w, https:\/\/revistatrend.com\/wp-content\/uploads\/2024\/04\/Screenshot_20240404_153114_Instagram-450x414.jpg 450w\" sizes=\"(max-width: 1080px) 100vw, 1080px\" \/><\/p>\n<p>\u201cN\u00ebse un\u00eb do mendoja se marr\u00ebdh\u00ebnia ime me Robertin do t\u00eb keqkuptohej, si\u00e7 e ka marr\u00eb Gloria do t\u00eb kisha vendosur disa limite. Un\u00eb me Robertin diskutojm\u00eb p\u00ebr familjen, vajzat q\u00eb ka jasht\u00eb, si jemi rritur, publiku jasht\u00eb i ka kuptuar. Ngacmimet q\u00eb b\u00ebn Albano p\u00ebr Robertin dhe mua jan\u00eb me batuta. Kushdo t\u00eb ket\u00eb interpretime t\u00eb tilla jan\u00eb t\u00eb lir\u00eb, un\u00eb jam e qet\u00eb me gjith\u00eb dinamikat q\u00eb jan\u00eb n\u00eb ferm\u00eb. Nuk do t\u00eb krijoja asnj\u00eb lidhje k\u00ebty brenda se kam ardhur t\u00eb tregoj veten\u201d, tha ajo.<\/p>\n","protected":false},"excerpt":{"rendered":"<p>Thashethemet dhe aludimet lidhur me raportin e Diteas dhe Robertit u diskutuan n\u00eb Ferma VIP. Ditea u tregua e prer\u00eb, duke th\u00ebn\u00eb qartazi se raporti i saj me Robertin \u00ebsht\u00eb vet\u00ebm shoq\u00ebror dhe nuk \u00ebsht\u00eb n\u00eb planin e saj q\u00eb t\u00eb krijoj\u00eb nj\u00eb marr\u00ebdh\u00ebnie dashurie gjat\u00eb rrug\u00ebtimit t\u00eb saj n\u00eb k\u00ebt\u00eb format. \u201cN\u00ebse un\u00eb do<\/p>\n","protected":false},"author":1,"featured_media":6362,"comment_status":"open","ping_status":"open","sticky":false,"template":"","format":"standard","meta":{"footnotes":""},"categories":[10],"tags":[],"class_list":{"0":"post-6361","1":"post","2":"type-post","3":"status-publish","4":"format-standard","5":"has-post-thumbnail","7":"category-showbiz"},"_links":{"self":[{"href":"https:\/\/revistatrend.com\/index.php\/wp-json\/wp\/v2\/posts\/6361","targetHints":{"allow":["GET"]}}],"collection":[{"href":"https:\/\/revistatrend.com\/index.php\/wp-json\/wp\/v2\/posts"}],"about":[{"href":"https:\/\/revistatrend.com\/index.php\/wp-json\/wp\/v2\/types\/post"}],"author":[{"embeddable":true,"href":"https:\/\/revistatrend.com\/index.php\/wp-json\/wp\/v2\/users\/1"}],"replies":[{"embeddable":true,"href":"https:\/\/revistatrend.com\/index.php\/wp-json\/wp\/v2\/comments?post=6361"}],"version-history":[{"count":1,"href":"https:\/\/revistatrend.com\/index.php\/wp-json\/wp\/v2\/posts\/6361\/revisions"}],"predecessor-version":[{"id":6363,"href":"https:\/\/revistatrend.com\/index.php\/wp-json\/wp\/v2\/posts\/6361\/revisions\/6363"}],"wp:featuredmedia":[{"embeddable":true,"href":"https:\/\/revistatrend.com\/index.php\/wp-json\/wp\/v2\/media\/6362"}],"wp:attachment":[{"href":"https:\/\/revistatrend.com\/index.php\/wp-json\/wp\/v2\/media?parent=6361"}],"wp:term":[{"taxonomy":"category","embeddable":true,"href":"https:\/\/revistatrend.com\/index.php\/wp-json\/wp\/v2\/categories?post=6361"},{"taxonomy":"post_tag","embeddable":true,"href":"https:\/\/revistatrend.com\/index.php\/wp-json\/wp\/v2\/tags?post=6361"}],"curies":[{"name":"wp","href":"https:\/\/api.w.org\/{rel}","templated":true}]}}