{"id":6364,"date":"2024-04-06T12:52:49","date_gmt":"2024-04-06T12:52:49","guid":{"rendered":"https:\/\/revistatrend.com\/?p=6364"},"modified":"2024-04-06T12:52:49","modified_gmt":"2024-04-06T12:52:49","slug":"fedez-shperthen-ne-lot-gjate-intervistes-pas-ndarjes-nga-chiara-ferragni","status":"publish","type":"post","link":"https:\/\/revistatrend.com\/index.php\/2024\/04\/06\/fedez-shperthen-ne-lot-gjate-intervistes-pas-ndarjes-nga-chiara-ferragni\/","title":{"rendered":"Fedez shp\u00ebrthen n\u00eb lot gjat\u00eb intervist\u00ebs pas ndarjes nga Chiara Ferragni!"},"content":{"rendered":"<p>Nj\u00eb nd\u00ebr \u00e7iftet m\u00eb t\u00eb p\u00ebrfolur jan\u00eb dhe ata Fedez dheChiara Ferragni, kjo ndoshta p\u00ebr shkak t\u00eb \u2018krisjes\u2019 q\u00eb dyshja ka p\u00ebsuar n\u00eb romanc\u00ebn e tyre. Fedez ka zhvilluar s\u00eb fundmi nj\u00eb intervist\u00eb, e cila \u00ebsht\u00eb regjistruar m\u00eb 28 mars dhe do t\u00eb transmetohet m\u00eb 9 prill. Fedez shp\u00ebrthen n\u00eb lot gjat\u00eb k\u00ebsaj interviste, m\u00eb e pritura pas ndarjes s\u00eb tij kontroverse nga Chiara Ferragni.<\/p>\n<p>Reperi si\u00e7 duket po kalon nj\u00eb periudh\u00eb shum\u00eb t\u00eb v\u00ebshtir\u00eb n\u00eb jet\u00ebn e tij, q\u00eb pas ndarjes me ish-partneren, Chiara, dhe k\u00ebt\u00eb gj\u00eb e v\u00ebrtetojn\u00eb m\u00eb s\u00eb miri lot\u00ebt e tij t\u00eb derdhura p\u00ebrpara kamerave teksa ka folur p\u00ebr tema personale.<\/p>\n<p><img fetchpriority=\"high\" decoding=\"async\" class=\"alignnone size-full wp-image-6365\" src=\"https:\/\/revistatrend.com\/wp-content\/uploads\/2024\/04\/08094c45c9-752x440-1.jpg\" alt=\"\" width=\"752\" height=\"440\" srcset=\"https:\/\/revistatrend.com\/wp-content\/uploads\/2024\/04\/08094c45c9-752x440-1.jpg 752w, https:\/\/revistatrend.com\/wp-content\/uploads\/2024\/04\/08094c45c9-752x440-1-300x176.jpg 300w, https:\/\/revistatrend.com\/wp-content\/uploads\/2024\/04\/08094c45c9-752x440-1-150x88.jpg 150w, https:\/\/revistatrend.com\/wp-content\/uploads\/2024\/04\/08094c45c9-752x440-1-450x263.jpg 450w\" sizes=\"(max-width: 752px) 100vw, 752px\" \/><\/p>\n","protected":false},"excerpt":{"rendered":"<p>Nj\u00eb nd\u00ebr \u00e7iftet m\u00eb t\u00eb p\u00ebrfolur jan\u00eb dhe ata Fedez dheChiara Ferragni, kjo ndoshta p\u00ebr shkak t\u00eb \u2018krisjes\u2019 q\u00eb dyshja ka p\u00ebsuar n\u00eb romanc\u00ebn e tyre. Fedez ka zhvilluar s\u00eb fundmi nj\u00eb intervist\u00eb, e cila \u00ebsht\u00eb regjistruar m\u00eb 28 mars dhe do t\u00eb transmetohet m\u00eb 9 prill. Fedez shp\u00ebrthen n\u00eb lot gjat\u00eb k\u00ebsaj interviste, m\u00eb<\/p>\n","protected":false},"author":1,"featured_media":6366,"comment_status":"open","ping_status":"open","sticky":false,"template":"","format":"standard","meta":{"footnotes":""},"categories":[10],"tags":[],"class_list":{"0":"post-6364","1":"post","2":"type-post","3":"status-publish","4":"format-standard","5":"has-post-thumbnail","7":"category-showbiz"},"_links":{"self":[{"href":"https:\/\/revistatrend.com\/index.php\/wp-json\/wp\/v2\/posts\/6364","targetHints":{"allow":["GET"]}}],"collection":[{"href":"https:\/\/revistatrend.com\/index.php\/wp-json\/wp\/v2\/posts"}],"about":[{"href":"https:\/\/revistatrend.com\/index.php\/wp-json\/wp\/v2\/types\/post"}],"author":[{"embeddable":true,"href":"https:\/\/revistatrend.com\/index.php\/wp-json\/wp\/v2\/users\/1"}],"replies":[{"embeddable":true,"href":"https:\/\/revistatrend.com\/index.php\/wp-json\/wp\/v2\/comments?post=6364"}],"version-history":[{"count":1,"href":"https:\/\/revistatrend.com\/index.php\/wp-json\/wp\/v2\/posts\/6364\/revisions"}],"predecessor-version":[{"id":6367,"href":"https:\/\/revistatrend.com\/index.php\/wp-json\/wp\/v2\/posts\/6364\/revisions\/6367"}],"wp:featuredmedia":[{"embeddable":true,"href":"https:\/\/revistatrend.com\/index.php\/wp-json\/wp\/v2\/media\/6366"}],"wp:attachment":[{"href":"https:\/\/revistatrend.com\/index.php\/wp-json\/wp\/v2\/media?parent=6364"}],"wp:term":[{"taxonomy":"category","embeddable":true,"href":"https:\/\/revistatrend.com\/index.php\/wp-json\/wp\/v2\/categories?post=6364"},{"taxonomy":"post_tag","embeddable":true,"href":"https:\/\/revistatrend.com\/index.php\/wp-json\/wp\/v2\/tags?post=6364"}],"curies":[{"name":"wp","href":"https:\/\/api.w.org\/{rel}","templated":true}]}}