{"id":6568,"date":"2024-04-17T15:26:44","date_gmt":"2024-04-17T15:26:44","guid":{"rendered":"https:\/\/revistatrend.com\/?p=6568"},"modified":"2024-04-17T15:26:44","modified_gmt":"2024-04-17T15:26:44","slug":"trend-excellence-amez","status":"publish","type":"post","link":"https:\/\/revistatrend.com\/index.php\/2024\/04\/17\/trend-excellence-amez\/","title":{"rendered":"TREND\u00a0 EXCELLENCE\u00a0 \u2013\u00a0 &#8220;Am\u00ebz&#8221;"},"content":{"rendered":"<h2><strong>TREND\u00a0 EXCELLENCE\u00a0 \u2013\u00a0 &#8220;<\/strong>Am\u00ebz&#8221;<\/h2>\n<h3><strong>Perzgjedhur ne kategorine e \u201cPRODHUES\u201d\u00a0<\/strong>\u00a0<strong>ne \u201cAwards Business Trend Kosova 2024\u201d<\/strong><\/h3>\n<p><strong>\u201cAwards Business Trend Kosova 2024\u201d<\/strong>\u00a0\u00ebsht\u00eb evenimenti i vler\u00ebsimit t\u00eb bizneseve\u00a0 dhe subjekteve m\u00eb t\u00eb p\u00eblqyera n\u00eb Kosov\u00eb dhe jashte saj\u00a0 p\u00ebr sezonin 2023 \u2013 2024. Evenimenti po realizohet p\u00ebr her\u00eb t\u00eb par\u00eb n\u00eb Kosov\u00eb dhe p\u00ebr her\u00eb t\u00eb 7-t\u00eb n\u00eb Shqip\u00ebri. Pas fushat\u00ebs disa mujore t\u00eb sondazheve t\u00eb realizuara n\u00eb 3 rryma t\u00eb ndryshme, tashm\u00eb ambasador\u00ebt q\u00eb p\u00ebrfaq\u00ebsojn\u00eb ngjarjen m\u00eb t\u00eb madhe t\u00eb biznesit n\u00eb Kosov\u00eb, kan\u00eb dh\u00ebn\u00eb mendimet e tyre p\u00ebr bizneset dhe personazhet m\u00eb t\u00eb p\u00eblqyera p\u00ebr sezonin 2023 \u2013 2024. Juria profesionale e p\u00ebrb\u00ebr\u00eb nga \u201cTrend Ambassador\u201d n\u00eb emrat e shquar: Albina Kelmendi \u2013 Labinot Krasniqi, Teuta Krasniqi \u2013 Sellma Kasumoviq \u2013 Agnesa Vuthaj \u2013 Ilir Geci \u2013 Blerona Zeqiri \u2013 Arian Zeka \u2013 Shemsije Dermaku \u2013 Bedri Kasumi &amp; Kushtrim Ajvazi \u2013 Lena Krasniqi \u2013 Arian Idrizaj \u2013 Alban Zogjani \u2013 Agim Shanini. Ekipi Trend Ambassador 2024 shpreh vler\u00ebsimet maksimale p\u00ebr subjektet e perzgjedhura ne maratonen e publikimeve te tyre\u00a0 \u201d. Kliko:\u00a0<a href=\"https:\/\/www.youtube.com\/watch?v=V50sf73LUk8&amp;t=3s\">https:\/\/www.youtube.com\/watch?v=V50sf73LUk8&amp;t=<\/a><\/p>\n<div class=\"flex-1 overflow-hidden\">\n<div class=\"react-scroll-to-bottom--css-vzphh-79elbk h-full\">\n<div class=\"react-scroll-to-bottom--css-vzphh-1n7m0yu\">\n<div class=\"flex flex-col text-sm pb-9\">\n<div class=\"w-full text-token-text-primary\" dir=\"auto\" data-testid=\"conversation-turn-19\">\n<div class=\"px-4 py-2 justify-center text-base md:gap-6 m-auto\">\n<div class=\"flex flex-1 text-base mx-auto gap-3 juice:gap-4 juice:md:gap-6 md:px-5 lg:px-1 xl:px-5 md:max-w-3xl lg:max-w-[40rem] xl:max-w-[48rem]\">\n<div class=\"relative flex w-full flex-col agent-turn\">\n<div class=\"flex-col gap-1 md:gap-3\">\n<div class=\"flex flex-grow flex-col max-w-full\">\n<div class=\"min-h-[20px] text-message flex flex-col items-start gap-3 whitespace-pre-wrap break-words [.text-message+&amp;]:mt-5 overflow-x-auto\" dir=\"auto\" data-message-author-role=\"assistant\" data-message-id=\"975f9672-e9d7-4866-8b52-1259f5752722\">\n<div class=\"markdown prose w-full break-words dark:prose-invert light\">\n<h3>\n&#8220;Am\u00ebz&#8221;, nj\u00eb produkt ushqimor t\u00ebrheq\u00ebs dhe shum\u00eb i vler\u00ebsuar, \u00ebsht\u00eb krijim i Fejsal Demiraj, nj\u00eb kuzhinier i talentuar me p\u00ebrvoj\u00eb n\u00eb restorantin skandinav &#8220;Noma&#8221;, i njohur p\u00ebr renome bot\u00ebrore. P\u00ebrtej talentit t\u00eb tij natyror, Demiraj ka pasur vizionin p\u00ebr t\u00eb eksploruar potencialin e ushqimeve burimore t\u00eb Kosov\u00ebs, duke filluar me bjeshk\u00ebt e Rugov\u00ebs.<\/h3>\n<p><img fetchpriority=\"high\" decoding=\"async\" class=\"alignnone size-full wp-image-6571\" src=\"https:\/\/revistatrend.com\/wp-content\/uploads\/2024\/04\/315572634_108510065416640_2089614412163895960_n.png\" alt=\"\" width=\"1920\" height=\"942\" srcset=\"https:\/\/revistatrend.com\/wp-content\/uploads\/2024\/04\/315572634_108510065416640_2089614412163895960_n.png 1920w, https:\/\/revistatrend.com\/wp-content\/uploads\/2024\/04\/315572634_108510065416640_2089614412163895960_n-300x147.png 300w, https:\/\/revistatrend.com\/wp-content\/uploads\/2024\/04\/315572634_108510065416640_2089614412163895960_n-1024x502.png 1024w, https:\/\/revistatrend.com\/wp-content\/uploads\/2024\/04\/315572634_108510065416640_2089614412163895960_n-768x377.png 768w, https:\/\/revistatrend.com\/wp-content\/uploads\/2024\/04\/315572634_108510065416640_2089614412163895960_n-1536x754.png 1536w, https:\/\/revistatrend.com\/wp-content\/uploads\/2024\/04\/315572634_108510065416640_2089614412163895960_n-150x74.png 150w, https:\/\/revistatrend.com\/wp-content\/uploads\/2024\/04\/315572634_108510065416640_2089614412163895960_n-450x221.png 450w, https:\/\/revistatrend.com\/wp-content\/uploads\/2024\/04\/315572634_108510065416640_2089614412163895960_n-1200x589.png 1200w\" sizes=\"(max-width: 1920px) 100vw, 1920px\" \/><\/p>\n<p><strong>P\u00ebrb\u00ebrja e &#8220;Amez&#8221;<\/strong><br \/>\n&#8220;Amez&#8221; \u00ebsht\u00eb nj\u00eb kombinim i thjesht\u00eb, por t\u00eb mrekulluesh\u00ebm i qum\u00ebshtit dhe maz\u00ebs. Frym\u00ebzuar nga eksperienca e tij n\u00eb restorante t\u00eb ndryshme n\u00eb t\u00eb gjith\u00eb bot\u00ebn dhe e stimuluar nga maza tradicionale e Rugov\u00ebs, Demiraj ka krijuar nj\u00eb produkt q\u00eb nuk \u00ebsht\u00eb vet\u00ebm i shijsh\u00ebm, por edhe i unik dhe i rrall\u00eb n\u00eb treg.<\/p>\n<p><strong>Vler\u00ebsimi Nd\u00ebrkomb\u00ebtar<\/strong><br \/>\n&#8220;Amez&#8221; nuk \u00ebsht\u00eb vet\u00ebm nj\u00eb produkt i mrekulluesh\u00ebm, por ai \u00ebsht\u00eb gjithashtu nj\u00eb nga produktet m\u00eb t\u00eb mira n\u00eb bot\u00eb. Nj\u00eb nga arsyet kryesore p\u00ebr k\u00ebt\u00eb \u00ebsht\u00eb m\u00ebnyra e p\u00ebrgatitjes s\u00eb maz\u00ebs, e cila \u00ebsht\u00eb tradicionale dhe nuk ka ndryshuar p\u00ebr mij\u00ebra vjet. Kjo e b\u00ebn &#8220;Amez&#8221; t\u00eb p\u00ebrfshihet n\u00eb top pes\u00ebshen e produkteve n\u00eb Evrop\u00eb, ndoshta edhe m\u00eb lart.<\/p>\n<p><strong>Nominimi dhe Suksesi<\/strong><br \/>\nKy produkt i shk\u00eblqyer \u00ebsht\u00eb nd\u00ebr nominimet p\u00ebr \u00e7mimet e &#8220;Trend Excellence 2024&#8221; n\u00eb &#8220;Awards Business Trend Kosova 2024&#8221;, nj\u00eb event i madh biznesi n\u00eb Kosov\u00eb. Ky \u00ebsht\u00eb nj\u00eb njohje e merituar p\u00ebr nj\u00eb produkt q\u00eb \u00ebsht\u00eb arritur t\u00eb kombinoj\u00eb tradit\u00ebn, pasurin\u00eb natyrore, dhe nj\u00eb ndjenj\u00eb t\u00eb ve\u00e7ant\u00eb p\u00ebr kuzhin\u00ebn n\u00eb nj\u00eb paket\u00eb t\u00eb mrekullueshme.<\/p>\n<p>N\u00eb p\u00ebrgjith\u00ebsi, &#8220;Amez&#8221; \u00ebsht\u00eb shembulli perfekt i kombinimit t\u00eb tradit\u00ebs s\u00eb pasur me nj\u00eb vizion t\u00eb fresk\u00ebt dhe inovativ. P\u00ebrmes k\u00ebtij produkti, Fejsal Demiraj ka arritur t\u00eb sjell\u00eb nj\u00eb pjes\u00eb t\u00eb historis\u00eb dhe kultur\u00ebs Shqiptare\u00a0 n\u00eb m\u00ebnyr\u00eb t\u00eb shijshme dhe moderne.<\/p>\n<p><img decoding=\"async\" class=\"alignnone size-full wp-image-6569\" src=\"https:\/\/revistatrend.com\/wp-content\/uploads\/2024\/04\/339257079_763043258666238_1206146137099902320_n.jpg\" alt=\"\" width=\"1639\" height=\"2048\" srcset=\"https:\/\/revistatrend.com\/wp-content\/uploads\/2024\/04\/339257079_763043258666238_1206146137099902320_n.jpg 1639w, https:\/\/revistatrend.com\/wp-content\/uploads\/2024\/04\/339257079_763043258666238_1206146137099902320_n-240x300.jpg 240w, https:\/\/revistatrend.com\/wp-content\/uploads\/2024\/04\/339257079_763043258666238_1206146137099902320_n-820x1024.jpg 820w, https:\/\/revistatrend.com\/wp-content\/uploads\/2024\/04\/339257079_763043258666238_1206146137099902320_n-768x960.jpg 768w, https:\/\/revistatrend.com\/wp-content\/uploads\/2024\/04\/339257079_763043258666238_1206146137099902320_n-1229x1536.jpg 1229w, https:\/\/revistatrend.com\/wp-content\/uploads\/2024\/04\/339257079_763043258666238_1206146137099902320_n-150x187.jpg 150w, https:\/\/revistatrend.com\/wp-content\/uploads\/2024\/04\/339257079_763043258666238_1206146137099902320_n-450x562.jpg 450w, https:\/\/revistatrend.com\/wp-content\/uploads\/2024\/04\/339257079_763043258666238_1206146137099902320_n-1200x1499.jpg 1200w\" sizes=\"(max-width: 1639px) 100vw, 1639px\" \/><\/p>\n<\/div>\n<\/div>\n<\/div>\n<div class=\"mt-1 flex gap-3 empty:hidden\">\n<div class=\"text-gray-400 flex self-end lg:self-center items-center justify-center lg:justify-start mt-0 -ml-1 h-7 gap-[2px] visible\">\n<div class=\"flex items-center gap-1.5 text-xs\"><\/div>\n<div class=\"flex\"><\/div>\n<\/div>\n<\/div>\n<div class=\"pr-2 lg:pr-0\"><\/div>\n<\/div>\n<div class=\"absolute\">\n<div class=\"flex w-full gap-2 items-center justify-center\"><\/div>\n<\/div>\n<\/div>\n<\/div>\n<\/div>\n<\/div>\n<\/div>\n<\/div>\n<\/div>\n<\/div>\n<div class=\"w-full pt-2 md:pt-0 dark:border-white\/20 md:border-transparent md:dark:border-transparent md:w-[calc(100%-.5rem)]\">\n<form class=\"stretch mx-2 flex flex-row gap-3 last:mb-2 md:mx-4 md:last:mb-6 lg:mx-auto lg:max-w-2xl xl:max-w-3xl\">\n<div class=\"relative flex h-full flex-1 flex-col\">\n<div class=\"absolute bottom-full left-0 right-0\"><\/div>\n<div class=\"flex w-full items-center\"><\/div>\n<\/div>\n<\/form>\n<\/div>\n","protected":false},"excerpt":{"rendered":"<p>TREND\u00a0 EXCELLENCE\u00a0 \u2013\u00a0 &#8220;Am\u00ebz&#8221; Perzgjedhur ne kategorine e \u201cPRODHUES\u201d\u00a0\u00a0ne \u201cAwards Business Trend Kosova 2024\u201d \u201cAwards Business Trend Kosova 2024\u201d\u00a0\u00ebsht\u00eb evenimenti i vler\u00ebsimit t\u00eb bizneseve\u00a0 dhe subjekteve m\u00eb t\u00eb p\u00eblqyera n\u00eb Kosov\u00eb dhe jashte saj\u00a0 p\u00ebr sezonin 2023 \u2013 2024. Evenimenti po realizohet p\u00ebr her\u00eb t\u00eb par\u00eb n\u00eb Kosov\u00eb dhe p\u00ebr her\u00eb t\u00eb 7-t\u00eb n\u00eb Shqip\u00ebri.<\/p>\n","protected":false},"author":1,"featured_media":6570,"comment_status":"open","ping_status":"open","sticky":false,"template":"","format":"standard","meta":{"footnotes":""},"categories":[125,32],"tags":[],"class_list":{"0":"post-6568","1":"post","2":"type-post","3":"status-publish","4":"format-standard","5":"has-post-thumbnail","7":"category-awards-kosova","8":"category-trend-business"},"_links":{"self":[{"href":"https:\/\/revistatrend.com\/index.php\/wp-json\/wp\/v2\/posts\/6568","targetHints":{"allow":["GET"]}}],"collection":[{"href":"https:\/\/revistatrend.com\/index.php\/wp-json\/wp\/v2\/posts"}],"about":[{"href":"https:\/\/revistatrend.com\/index.php\/wp-json\/wp\/v2\/types\/post"}],"author":[{"embeddable":true,"href":"https:\/\/revistatrend.com\/index.php\/wp-json\/wp\/v2\/users\/1"}],"replies":[{"embeddable":true,"href":"https:\/\/revistatrend.com\/index.php\/wp-json\/wp\/v2\/comments?post=6568"}],"version-history":[{"count":1,"href":"https:\/\/revistatrend.com\/index.php\/wp-json\/wp\/v2\/posts\/6568\/revisions"}],"predecessor-version":[{"id":6572,"href":"https:\/\/revistatrend.com\/index.php\/wp-json\/wp\/v2\/posts\/6568\/revisions\/6572"}],"wp:featuredmedia":[{"embeddable":true,"href":"https:\/\/revistatrend.com\/index.php\/wp-json\/wp\/v2\/media\/6570"}],"wp:attachment":[{"href":"https:\/\/revistatrend.com\/index.php\/wp-json\/wp\/v2\/media?parent=6568"}],"wp:term":[{"taxonomy":"category","embeddable":true,"href":"https:\/\/revistatrend.com\/index.php\/wp-json\/wp\/v2\/categories?post=6568"},{"taxonomy":"post_tag","embeddable":true,"href":"https:\/\/revistatrend.com\/index.php\/wp-json\/wp\/v2\/tags?post=6568"}],"curies":[{"name":"wp","href":"https:\/\/api.w.org\/{rel}","templated":true}]}}