{"id":6639,"date":"2024-04-22T13:08:44","date_gmt":"2024-04-22T13:08:44","guid":{"rendered":"https:\/\/revistatrend.com\/?p=6639"},"modified":"2024-04-22T13:08:44","modified_gmt":"2024-04-22T13:08:44","slug":"ta-kisha-merakun-mesazhi-prekes-per-ledjonen-nga-babai","status":"publish","type":"post","link":"https:\/\/revistatrend.com\/index.php\/2024\/04\/22\/ta-kisha-merakun-mesazhi-prekes-per-ledjonen-nga-babai\/","title":{"rendered":"\u201cTa kisha merakun\u201d\/ Mesazhi prek\u00ebs p\u00ebr Ledjon\u00ebn nga babai!"},"content":{"rendered":"<p>Gazetarja Ledjona Xheladinaj pas daljes nga BBVIP3 ka marr\u00eb nj\u00eb mesazh emocionues nga babi i saj. N\u00eb video-mesazh d\u00ebrguar t\u00eb bij\u00ebs, babai i Ledjon\u00ebs shprehet se \u00ebsht\u00eb krenar q\u00eb kjo e fundit ia doli t\u00eb ruante qet\u00ebsin\u00eb n\u00eb gjat\u00eb loj\u00ebs n\u00eb BBVIP.<\/p>\n<p><img fetchpriority=\"high\" decoding=\"async\" class=\"alignnone size-full wp-image-6640\" src=\"https:\/\/revistatrend.com\/wp-content\/uploads\/2024\/04\/640-0-6624d4ba72878.png\" alt=\"\" width=\"640\" height=\"277\" srcset=\"https:\/\/revistatrend.com\/wp-content\/uploads\/2024\/04\/640-0-6624d4ba72878.png 640w, https:\/\/revistatrend.com\/wp-content\/uploads\/2024\/04\/640-0-6624d4ba72878-300x130.png 300w, https:\/\/revistatrend.com\/wp-content\/uploads\/2024\/04\/640-0-6624d4ba72878-150x65.png 150w, https:\/\/revistatrend.com\/wp-content\/uploads\/2024\/04\/640-0-6624d4ba72878-450x195.png 450w\" sizes=\"(max-width: 640px) 100vw, 640px\" \/><\/p>\n<p>\u201cLedjona ti je krenaria ime. T\u00eb do babi shum\u00eb, kudo q\u00eb ti ke qen\u00eb, ke shk\u00eblqyer. Edhe n\u00eb Big Brother shk\u00eblqeve. Un\u00eb t\u00eb shikoja derisa p\u00ebrfundonte emisioni, t\u00eb ruaja, t\u00eb shikoja dhe ta kisha merakun. Ti u solle shk\u00eblqyer atje. Kudo q\u00eb ke qen\u00eb babin ti nuk e ke shqet\u00ebsuar p\u00ebr asnj\u00eb gj\u00eb, prandaj ti shiko nj\u00eb her\u00eb veten tend\u00eb, shiko vajz\u00ebn, mos ki merak p\u00ebr neve, un\u00eb t\u00eb mos e kem merakun p\u00ebr ty.<\/p>\n<p>Ti e di q\u00eb babi b\u00ebhet merak. Pak t\u00eb mos flas n\u00eb telefon dhe them si \u00ebsht\u00eb \u00e7upa, nuk kam folur, pyes mamin a ke folur, a ke folur ne telefon? E kam marr\u00eb thot\u00eb, mir\u00eb \u00ebsht\u00eb. Ledjona bija e babait, ti e di qe un\u00eb juve ju kam pik\u00eb t\u00eb dob\u00ebt, ju dua shum\u00eb dhe ti babin e ke b\u00ebr\u00eb krenar. Ju puth\u201d, u shpreh ai.<\/p>\n","protected":false},"excerpt":{"rendered":"<p>Gazetarja Ledjona Xheladinaj pas daljes nga BBVIP3 ka marr\u00eb nj\u00eb mesazh emocionues nga babi i saj. N\u00eb video-mesazh d\u00ebrguar t\u00eb bij\u00ebs, babai i Ledjon\u00ebs shprehet se \u00ebsht\u00eb krenar q\u00eb kjo e fundit ia doli t\u00eb ruante qet\u00ebsin\u00eb n\u00eb gjat\u00eb loj\u00ebs n\u00eb BBVIP. \u201cLedjona ti je krenaria ime. T\u00eb do babi shum\u00eb, kudo q\u00eb ti ke<\/p>\n","protected":false},"author":1,"featured_media":6641,"comment_status":"open","ping_status":"open","sticky":false,"template":"","format":"standard","meta":{"footnotes":""},"categories":[10],"tags":[],"class_list":{"0":"post-6639","1":"post","2":"type-post","3":"status-publish","4":"format-standard","5":"has-post-thumbnail","7":"category-showbiz"},"_links":{"self":[{"href":"https:\/\/revistatrend.com\/index.php\/wp-json\/wp\/v2\/posts\/6639","targetHints":{"allow":["GET"]}}],"collection":[{"href":"https:\/\/revistatrend.com\/index.php\/wp-json\/wp\/v2\/posts"}],"about":[{"href":"https:\/\/revistatrend.com\/index.php\/wp-json\/wp\/v2\/types\/post"}],"author":[{"embeddable":true,"href":"https:\/\/revistatrend.com\/index.php\/wp-json\/wp\/v2\/users\/1"}],"replies":[{"embeddable":true,"href":"https:\/\/revistatrend.com\/index.php\/wp-json\/wp\/v2\/comments?post=6639"}],"version-history":[{"count":1,"href":"https:\/\/revistatrend.com\/index.php\/wp-json\/wp\/v2\/posts\/6639\/revisions"}],"predecessor-version":[{"id":6642,"href":"https:\/\/revistatrend.com\/index.php\/wp-json\/wp\/v2\/posts\/6639\/revisions\/6642"}],"wp:featuredmedia":[{"embeddable":true,"href":"https:\/\/revistatrend.com\/index.php\/wp-json\/wp\/v2\/media\/6641"}],"wp:attachment":[{"href":"https:\/\/revistatrend.com\/index.php\/wp-json\/wp\/v2\/media?parent=6639"}],"wp:term":[{"taxonomy":"category","embeddable":true,"href":"https:\/\/revistatrend.com\/index.php\/wp-json\/wp\/v2\/categories?post=6639"},{"taxonomy":"post_tag","embeddable":true,"href":"https:\/\/revistatrend.com\/index.php\/wp-json\/wp\/v2\/tags?post=6639"}],"curies":[{"name":"wp","href":"https:\/\/api.w.org\/{rel}","templated":true}]}}