{"id":6678,"date":"2024-04-23T14:27:24","date_gmt":"2024-04-23T14:27:24","guid":{"rendered":"https:\/\/revistatrend.com\/?p=6678"},"modified":"2024-04-23T14:27:24","modified_gmt":"2024-04-23T14:27:24","slug":"shkak-e-dashura-xheloze-roza-pyet-romeon-pse-me-hoqe-nga-instagrami","status":"publish","type":"post","link":"https:\/\/revistatrend.com\/index.php\/2024\/04\/23\/shkak-e-dashura-xheloze-roza-pyet-romeon-pse-me-hoqe-nga-instagrami\/","title":{"rendered":"Shkak e dashura xheloze. Roza pyet Romeon: Pse m\u00eb hoqe nga Instagrami?!"},"content":{"rendered":"<p>Meritoni dhe Romeo kan\u00eb zhvilluar nj\u00eb podcast p\u00ebr Top Albania Radio, ku kan\u00eb folur p\u00ebr \u00e7\u00ebshtje t\u00eb ndryshme dhe n\u00eb fund arrit\u00ebn t\u00eb b\u00ebnin dhe paqe duke i k\u00ebrkuar nj\u00ebri-tjetrit falje. N\u00eb k\u00ebt\u00eb podcast u bashkua e Roza i cili i kujtoi Romeos se e ka hequr nga Instagrami pasi kishte t\u00eb dashur\u00ebn xheloze. Romeo e mohon k\u00ebt\u00eb gj\u00eb dhe e pyet se p\u00ebr cil\u00ebn t\u00eb dashur e ka fjal\u00ebn.<\/p>\n<p><img fetchpriority=\"high\" decoding=\"async\" class=\"alignnone size-full wp-image-6679\" src=\"https:\/\/revistatrend.com\/wp-content\/uploads\/2024\/04\/roza.jpg\" alt=\"\" width=\"915\" height=\"478\" srcset=\"https:\/\/revistatrend.com\/wp-content\/uploads\/2024\/04\/roza.jpg 915w, https:\/\/revistatrend.com\/wp-content\/uploads\/2024\/04\/roza-300x157.jpg 300w, https:\/\/revistatrend.com\/wp-content\/uploads\/2024\/04\/roza-768x401.jpg 768w, https:\/\/revistatrend.com\/wp-content\/uploads\/2024\/04\/roza-150x78.jpg 150w, https:\/\/revistatrend.com\/wp-content\/uploads\/2024\/04\/roza-450x235.jpg 450w\" sizes=\"(max-width: 915px) 100vw, 915px\" \/><\/p>\n<p>Roza: M\u00eb ka hequr edhe e kam diskutuar q\u00eb n\u00eb fillim, sepse kishte t\u00eb dashur\u00ebn xheloze.<\/p>\n<p>Romeo: S\u2019ka lidhje fare.<\/p>\n<p>Roza: Donaldi nuk m\u00eb ka hequr. Ti m\u00eb ke hequr sepse ke pasur t\u00eb dashur\u00ebn xheloze. H\u00eb trego t\u00eb v\u00ebrtet\u00ebn tani. Sa u lidhe.<\/p>\n<p>Romeo: K\u00eb t\u00eb dashur kam patur xheloze?<\/p>\n<p>Roza: E di vet\u00eb ti\u2026<\/p>\n<p>Romeo: E ke gabim. Po si t\u00eb kam hequr ty edhe s\u2019kam hequr t\u00eb tjera? Po dale se kjo s\u2019m\u00eb rri mua. Kushedi \u00e7\u2019do kesh b\u00ebr\u00eb.<\/p>\n","protected":false},"excerpt":{"rendered":"<p>Meritoni dhe Romeo kan\u00eb zhvilluar nj\u00eb podcast p\u00ebr Top Albania Radio, ku kan\u00eb folur p\u00ebr \u00e7\u00ebshtje t\u00eb ndryshme dhe n\u00eb fund arrit\u00ebn t\u00eb b\u00ebnin dhe paqe duke i k\u00ebrkuar nj\u00ebri-tjetrit falje. N\u00eb k\u00ebt\u00eb podcast u bashkua e Roza i cili i kujtoi Romeos se e ka hequr nga Instagrami pasi kishte t\u00eb dashur\u00ebn xheloze. Romeo<\/p>\n","protected":false},"author":1,"featured_media":6680,"comment_status":"open","ping_status":"open","sticky":false,"template":"","format":"standard","meta":{"footnotes":""},"categories":[10],"tags":[],"class_list":{"0":"post-6678","1":"post","2":"type-post","3":"status-publish","4":"format-standard","5":"has-post-thumbnail","7":"category-showbiz"},"_links":{"self":[{"href":"https:\/\/revistatrend.com\/index.php\/wp-json\/wp\/v2\/posts\/6678","targetHints":{"allow":["GET"]}}],"collection":[{"href":"https:\/\/revistatrend.com\/index.php\/wp-json\/wp\/v2\/posts"}],"about":[{"href":"https:\/\/revistatrend.com\/index.php\/wp-json\/wp\/v2\/types\/post"}],"author":[{"embeddable":true,"href":"https:\/\/revistatrend.com\/index.php\/wp-json\/wp\/v2\/users\/1"}],"replies":[{"embeddable":true,"href":"https:\/\/revistatrend.com\/index.php\/wp-json\/wp\/v2\/comments?post=6678"}],"version-history":[{"count":1,"href":"https:\/\/revistatrend.com\/index.php\/wp-json\/wp\/v2\/posts\/6678\/revisions"}],"predecessor-version":[{"id":6681,"href":"https:\/\/revistatrend.com\/index.php\/wp-json\/wp\/v2\/posts\/6678\/revisions\/6681"}],"wp:featuredmedia":[{"embeddable":true,"href":"https:\/\/revistatrend.com\/index.php\/wp-json\/wp\/v2\/media\/6680"}],"wp:attachment":[{"href":"https:\/\/revistatrend.com\/index.php\/wp-json\/wp\/v2\/media?parent=6678"}],"wp:term":[{"taxonomy":"category","embeddable":true,"href":"https:\/\/revistatrend.com\/index.php\/wp-json\/wp\/v2\/categories?post=6678"},{"taxonomy":"post_tag","embeddable":true,"href":"https:\/\/revistatrend.com\/index.php\/wp-json\/wp\/v2\/tags?post=6678"}],"curies":[{"name":"wp","href":"https:\/\/api.w.org\/{rel}","templated":true}]}}