{"id":6682,"date":"2024-04-23T14:29:53","date_gmt":"2024-04-23T14:29:53","guid":{"rendered":"https:\/\/revistatrend.com\/?p=6682"},"modified":"2024-04-23T14:29:53","modified_gmt":"2024-04-23T14:29:53","slug":"i-dashur-babi-jemi-ne-juli-perlotet-nga-mesazhi-i-femijeve-ne-bbvip3","status":"publish","type":"post","link":"https:\/\/revistatrend.com\/index.php\/2024\/04\/23\/i-dashur-babi-jemi-ne-juli-perlotet-nga-mesazhi-i-femijeve-ne-bbvip3\/","title":{"rendered":"\u201cI dashur babi, jemi ne\u201d\/ Juli p\u00ebrlotet nga mesazhi i f\u00ebmij\u00ebve n\u00eb BBVIP3!"},"content":{"rendered":"<p>Aktori Julian Deda mori sot nj\u00eb mesazh nga f\u00ebmij\u00ebt. Nd\u00ebrsa lexonte mesazhin, Juli u prek dhe nisi t\u00eb qaj\u00eb. K\u00ebshtu mesazhin e lexoi Roza Lati:<\/p>\n<p><img fetchpriority=\"high\" decoding=\"async\" class=\"alignnone size-full wp-image-6683\" src=\"https:\/\/revistatrend.com\/wp-content\/uploads\/2024\/04\/0-30-1.webp\" alt=\"\" width=\"1280\" height=\"720\" srcset=\"https:\/\/revistatrend.com\/wp-content\/uploads\/2024\/04\/0-30-1.webp 1280w, https:\/\/revistatrend.com\/wp-content\/uploads\/2024\/04\/0-30-1-300x169.webp 300w, https:\/\/revistatrend.com\/wp-content\/uploads\/2024\/04\/0-30-1-1024x576.webp 1024w, https:\/\/revistatrend.com\/wp-content\/uploads\/2024\/04\/0-30-1-768x432.webp 768w, https:\/\/revistatrend.com\/wp-content\/uploads\/2024\/04\/0-30-1-150x84.webp 150w, https:\/\/revistatrend.com\/wp-content\/uploads\/2024\/04\/0-30-1-450x253.webp 450w, https:\/\/revistatrend.com\/wp-content\/uploads\/2024\/04\/0-30-1-1200x675.webp 1200w\" sizes=\"(max-width: 1280px) 100vw, 1280px\" \/><\/p>\n<p>\u201cI dashur babi, jemi ne, Dushi, Reina dhe Mateo q\u00eb t\u00eb d\u00ebrgojm\u00eb k\u00ebt\u00eb mesazh. T\u00eb ndjekim \u00e7do dit\u00eb e \u00e7do nat\u00eb. Ka dit\u00eb q\u00eb na dukesh sikur je aty me ne. Na mungon shum\u00eb, ne jemi shum\u00eb mir\u00eb. Mateo po b\u00ebhet gati p\u00ebr turneun n\u00eb Greqi, \u00ebsht\u00eb i g\u00ebzuar dhe k\u00ebrkon rroba t\u00eb reja. Do shkoj\u00eb mami Rozi n\u00eb Greqi ta shoh\u00eb. Nuk do jet\u00eb vet\u00ebm. Reina \u00ebsht\u00eb shum\u00eb mir\u00eb me m\u00ebsime, ka raste q\u00eb m\u00ebrzitem me ngjarjet brenda sht\u00ebpis\u00eb. Pse duhet t\u00eb ket\u00eb aq urrejtje dhe fjal\u00eb fyese? Dua q\u00eb ti ta shijosh pjes\u00ebn e mbetur duke treguar pozitivitetin, optimizmin dhe humorin t\u00ebnd. Dua t\u00eb shoh drit\u00ebn t\u00ebnde q\u00eb ndri\u00e7on deri k\u00ebtu tek un\u00eb.\u201d, thuhet n\u00eb mesazh.<\/p>\n","protected":false},"excerpt":{"rendered":"<p>Aktori Julian Deda mori sot nj\u00eb mesazh nga f\u00ebmij\u00ebt. Nd\u00ebrsa lexonte mesazhin, Juli u prek dhe nisi t\u00eb qaj\u00eb. K\u00ebshtu mesazhin e lexoi Roza Lati: \u201cI dashur babi, jemi ne, Dushi, Reina dhe Mateo q\u00eb t\u00eb d\u00ebrgojm\u00eb k\u00ebt\u00eb mesazh. T\u00eb ndjekim \u00e7do dit\u00eb e \u00e7do nat\u00eb. Ka dit\u00eb q\u00eb na dukesh sikur je aty me<\/p>\n","protected":false},"author":1,"featured_media":6684,"comment_status":"open","ping_status":"open","sticky":false,"template":"","format":"standard","meta":{"footnotes":""},"categories":[10],"tags":[],"class_list":{"0":"post-6682","1":"post","2":"type-post","3":"status-publish","4":"format-standard","5":"has-post-thumbnail","7":"category-showbiz"},"_links":{"self":[{"href":"https:\/\/revistatrend.com\/index.php\/wp-json\/wp\/v2\/posts\/6682","targetHints":{"allow":["GET"]}}],"collection":[{"href":"https:\/\/revistatrend.com\/index.php\/wp-json\/wp\/v2\/posts"}],"about":[{"href":"https:\/\/revistatrend.com\/index.php\/wp-json\/wp\/v2\/types\/post"}],"author":[{"embeddable":true,"href":"https:\/\/revistatrend.com\/index.php\/wp-json\/wp\/v2\/users\/1"}],"replies":[{"embeddable":true,"href":"https:\/\/revistatrend.com\/index.php\/wp-json\/wp\/v2\/comments?post=6682"}],"version-history":[{"count":1,"href":"https:\/\/revistatrend.com\/index.php\/wp-json\/wp\/v2\/posts\/6682\/revisions"}],"predecessor-version":[{"id":6685,"href":"https:\/\/revistatrend.com\/index.php\/wp-json\/wp\/v2\/posts\/6682\/revisions\/6685"}],"wp:featuredmedia":[{"embeddable":true,"href":"https:\/\/revistatrend.com\/index.php\/wp-json\/wp\/v2\/media\/6684"}],"wp:attachment":[{"href":"https:\/\/revistatrend.com\/index.php\/wp-json\/wp\/v2\/media?parent=6682"}],"wp:term":[{"taxonomy":"category","embeddable":true,"href":"https:\/\/revistatrend.com\/index.php\/wp-json\/wp\/v2\/categories?post=6682"},{"taxonomy":"post_tag","embeddable":true,"href":"https:\/\/revistatrend.com\/index.php\/wp-json\/wp\/v2\/tags?post=6682"}],"curies":[{"name":"wp","href":"https:\/\/api.w.org\/{rel}","templated":true}]}}