{"id":6686,"date":"2024-04-23T14:32:35","date_gmt":"2024-04-23T14:32:35","guid":{"rendered":"https:\/\/revistatrend.com\/?p=6686"},"modified":"2024-04-23T14:32:35","modified_gmt":"2024-04-23T14:32:35","slug":"jam-super-e-dashuruar-egla-zbulon-detaje-nga-lidhja-e-saj-me-partnerin","status":"publish","type":"post","link":"https:\/\/revistatrend.com\/index.php\/2024\/04\/23\/jam-super-e-dashuruar-egla-zbulon-detaje-nga-lidhja-e-saj-me-partnerin\/","title":{"rendered":"\u201cJam super e dashuruar\u201d\/ Egla zbulon detaje nga lidhja e saj me partnerin!"},"content":{"rendered":"<p>Egla \u00ebsht\u00eb nj\u00eb nga banoret m\u00eb t\u00eb komentuara p\u00ebrgjat\u00eb k\u00ebtij Big Brother-i. N\u00eb krahasim me banor\u00ebt e tjer\u00eb, ajo kurr\u00eb nuk ka folur p\u00ebr jet\u00ebn e saj private. Por sot di\u00e7ka ndryshoi. Gjat\u00eb nj\u00eb bisede me Julin, Egla zbulon disa detaje p\u00ebr partnerin e saj.<\/p>\n<p><img fetchpriority=\"high\" decoding=\"async\" class=\"alignnone size-full wp-image-6527\" src=\"https:\/\/revistatrend.com\/wp-content\/uploads\/2024\/04\/egla.jpg\" alt=\"\" width=\"1300\" height=\"600\" srcset=\"https:\/\/revistatrend.com\/wp-content\/uploads\/2024\/04\/egla.jpg 1300w, https:\/\/revistatrend.com\/wp-content\/uploads\/2024\/04\/egla-300x138.jpg 300w, https:\/\/revistatrend.com\/wp-content\/uploads\/2024\/04\/egla-1024x473.jpg 1024w, https:\/\/revistatrend.com\/wp-content\/uploads\/2024\/04\/egla-768x354.jpg 768w, https:\/\/revistatrend.com\/wp-content\/uploads\/2024\/04\/egla-150x69.jpg 150w, https:\/\/revistatrend.com\/wp-content\/uploads\/2024\/04\/egla-450x208.jpg 450w, https:\/\/revistatrend.com\/wp-content\/uploads\/2024\/04\/egla-1200x554.jpg 1200w\" sizes=\"(max-width: 1300px) 100vw, 1300px\" \/><\/p>\n<p>Biseda mes Egl\u00ebs dhe Julit:<\/p>\n<p>Egla: Jam shum\u00eb e lumtur, shum\u00eb e qet\u00eb, shum\u00eb e sh\u00ebrbyer, \u00e7far\u00eb t\u00eb them un\u00eb ty?<\/p>\n<p>Juli: A \u00ebsht\u00eb inxhinier, arkitekt, \u00e7far\u00eb b\u00ebn n\u00eb jet\u00eb? E gjeta q\u00eb \u00ebsht\u00eb inxhinier?<\/p>\n<p>Egla: Jo duhet t\u00eb kesh informacion sepse po pyet gjith\u00eb koh\u00ebs. Jam super e dashuruar, super rehat, nuk dua t\u00eb flas m\u00eb. Ai jeton me prind\u00ebrit. Un\u00eb do ta marr kollovar.<\/p>\n","protected":false},"excerpt":{"rendered":"<p>Egla \u00ebsht\u00eb nj\u00eb nga banoret m\u00eb t\u00eb komentuara p\u00ebrgjat\u00eb k\u00ebtij Big Brother-i. N\u00eb krahasim me banor\u00ebt e tjer\u00eb, ajo kurr\u00eb nuk ka folur p\u00ebr jet\u00ebn e saj private. Por sot di\u00e7ka ndryshoi. Gjat\u00eb nj\u00eb bisede me Julin, Egla zbulon disa detaje p\u00ebr partnerin e saj. Biseda mes Egl\u00ebs dhe Julit: Egla: Jam shum\u00eb e lumtur,<\/p>\n","protected":false},"author":1,"featured_media":6687,"comment_status":"open","ping_status":"open","sticky":false,"template":"","format":"standard","meta":{"footnotes":""},"categories":[10],"tags":[],"class_list":{"0":"post-6686","1":"post","2":"type-post","3":"status-publish","4":"format-standard","5":"has-post-thumbnail","7":"category-showbiz"},"_links":{"self":[{"href":"https:\/\/revistatrend.com\/index.php\/wp-json\/wp\/v2\/posts\/6686","targetHints":{"allow":["GET"]}}],"collection":[{"href":"https:\/\/revistatrend.com\/index.php\/wp-json\/wp\/v2\/posts"}],"about":[{"href":"https:\/\/revistatrend.com\/index.php\/wp-json\/wp\/v2\/types\/post"}],"author":[{"embeddable":true,"href":"https:\/\/revistatrend.com\/index.php\/wp-json\/wp\/v2\/users\/1"}],"replies":[{"embeddable":true,"href":"https:\/\/revistatrend.com\/index.php\/wp-json\/wp\/v2\/comments?post=6686"}],"version-history":[{"count":1,"href":"https:\/\/revistatrend.com\/index.php\/wp-json\/wp\/v2\/posts\/6686\/revisions"}],"predecessor-version":[{"id":6688,"href":"https:\/\/revistatrend.com\/index.php\/wp-json\/wp\/v2\/posts\/6686\/revisions\/6688"}],"wp:featuredmedia":[{"embeddable":true,"href":"https:\/\/revistatrend.com\/index.php\/wp-json\/wp\/v2\/media\/6687"}],"wp:attachment":[{"href":"https:\/\/revistatrend.com\/index.php\/wp-json\/wp\/v2\/media?parent=6686"}],"wp:term":[{"taxonomy":"category","embeddable":true,"href":"https:\/\/revistatrend.com\/index.php\/wp-json\/wp\/v2\/categories?post=6686"},{"taxonomy":"post_tag","embeddable":true,"href":"https:\/\/revistatrend.com\/index.php\/wp-json\/wp\/v2\/tags?post=6686"}],"curies":[{"name":"wp","href":"https:\/\/api.w.org\/{rel}","templated":true}]}}