{"id":6730,"date":"2024-04-26T15:35:33","date_gmt":"2024-04-26T15:35:33","guid":{"rendered":"https:\/\/revistatrend.com\/?p=6730"},"modified":"2024-04-26T15:35:33","modified_gmt":"2024-04-26T15:35:33","slug":"60-vjecarja-shenon-histori-si-miss-universe-ne-spanje","status":"publish","type":"post","link":"https:\/\/revistatrend.com\/index.php\/2024\/04\/26\/60-vjecarja-shenon-histori-si-miss-universe-ne-spanje\/","title":{"rendered":"60-vje\u00e7arja sh\u00ebnon histori si Miss Universe n\u00eb Spanj\u00eb!"},"content":{"rendered":"<p>Alejandra Rodr\u00edguez, \u00ebsht\u00eb shpallur Miss Universe Buenos Aires, n\u00eb mosh\u00ebn 60-vje\u00e7are. Gazetarja ka thyer sterotipet duke iu bashkuar gar\u00ebs p\u00ebr t\u00eb rr\u00ebmbyer kuror\u00ebn si nd\u00ebr m\u00eb e bukura mes vajzave, duke sh\u00ebnuar edhe nj\u00eb ndryshim n\u00eb konkurset e bukuris\u00eb.<\/p>\n<p>60-vje\u00e7arja pavar\u00ebsisht mosh\u00ebs, ka arritur t\u00eb sfidoj\u00eb veten edhe n\u00eb fush\u00ebn e bukuris\u00eb, ku pas fitores u shpreh k\u00ebshtu:<\/p>\n<p><img fetchpriority=\"high\" decoding=\"async\" class=\"alignnone size-full wp-image-6731\" src=\"https:\/\/revistatrend.com\/wp-content\/uploads\/2024\/04\/IMG_0461.jpeg\" alt=\"\" width=\"600\" height=\"338\" srcset=\"https:\/\/revistatrend.com\/wp-content\/uploads\/2024\/04\/IMG_0461.jpeg 600w, https:\/\/revistatrend.com\/wp-content\/uploads\/2024\/04\/IMG_0461-300x169.jpeg 300w, https:\/\/revistatrend.com\/wp-content\/uploads\/2024\/04\/IMG_0461-150x85.jpeg 150w, https:\/\/revistatrend.com\/wp-content\/uploads\/2024\/04\/IMG_0461-450x254.jpeg 450w\" sizes=\"(max-width: 600px) 100vw, 600px\" \/><\/p>\n<p>\u201cJam e emocionuar q\u00eb po p\u00ebrfaq\u00ebsoj k\u00ebt\u00eb paradigm\u00eb t\u00eb re n\u00eb konkurset e bukuris\u00eb, sepse ne po p\u00ebrurojm\u00eb nj\u00eb faz\u00eb t\u00eb re n\u00eb t\u00eb cil\u00ebn grat\u00eb nuk jan\u00eb vet\u00ebm bukuria fizike, por edhe nj\u00eb grup tjet\u00ebr vlerash. Un\u00eb jam e para q\u00eb fillova ta b\u00ebj k\u00ebt\u00eb\u201d.<\/p>\n","protected":false},"excerpt":{"rendered":"<p>Alejandra Rodr\u00edguez, \u00ebsht\u00eb shpallur Miss Universe Buenos Aires, n\u00eb mosh\u00ebn 60-vje\u00e7are. Gazetarja ka thyer sterotipet duke iu bashkuar gar\u00ebs p\u00ebr t\u00eb rr\u00ebmbyer kuror\u00ebn si nd\u00ebr m\u00eb e bukura mes vajzave, duke sh\u00ebnuar edhe nj\u00eb ndryshim n\u00eb konkurset e bukuris\u00eb. 60-vje\u00e7arja pavar\u00ebsisht mosh\u00ebs, ka arritur t\u00eb sfidoj\u00eb veten edhe n\u00eb fush\u00ebn e bukuris\u00eb, ku pas fitores<\/p>\n","protected":false},"author":1,"featured_media":6732,"comment_status":"open","ping_status":"open","sticky":false,"template":"","format":"standard","meta":{"footnotes":""},"categories":[10],"tags":[],"class_list":{"0":"post-6730","1":"post","2":"type-post","3":"status-publish","4":"format-standard","5":"has-post-thumbnail","7":"category-showbiz"},"_links":{"self":[{"href":"https:\/\/revistatrend.com\/index.php\/wp-json\/wp\/v2\/posts\/6730","targetHints":{"allow":["GET"]}}],"collection":[{"href":"https:\/\/revistatrend.com\/index.php\/wp-json\/wp\/v2\/posts"}],"about":[{"href":"https:\/\/revistatrend.com\/index.php\/wp-json\/wp\/v2\/types\/post"}],"author":[{"embeddable":true,"href":"https:\/\/revistatrend.com\/index.php\/wp-json\/wp\/v2\/users\/1"}],"replies":[{"embeddable":true,"href":"https:\/\/revistatrend.com\/index.php\/wp-json\/wp\/v2\/comments?post=6730"}],"version-history":[{"count":1,"href":"https:\/\/revistatrend.com\/index.php\/wp-json\/wp\/v2\/posts\/6730\/revisions"}],"predecessor-version":[{"id":6733,"href":"https:\/\/revistatrend.com\/index.php\/wp-json\/wp\/v2\/posts\/6730\/revisions\/6733"}],"wp:featuredmedia":[{"embeddable":true,"href":"https:\/\/revistatrend.com\/index.php\/wp-json\/wp\/v2\/media\/6732"}],"wp:attachment":[{"href":"https:\/\/revistatrend.com\/index.php\/wp-json\/wp\/v2\/media?parent=6730"}],"wp:term":[{"taxonomy":"category","embeddable":true,"href":"https:\/\/revistatrend.com\/index.php\/wp-json\/wp\/v2\/categories?post=6730"},{"taxonomy":"post_tag","embeddable":true,"href":"https:\/\/revistatrend.com\/index.php\/wp-json\/wp\/v2\/tags?post=6730"}],"curies":[{"name":"wp","href":"https:\/\/api.w.org\/{rel}","templated":true}]}}