{"id":6948,"date":"2024-05-09T12:57:10","date_gmt":"2024-05-09T12:57:10","guid":{"rendered":"https:\/\/revistatrend.com\/?p=6948"},"modified":"2024-05-09T12:57:10","modified_gmt":"2024-05-09T12:57:10","slug":"dua-lipa-zgjedh-shqiperine-si-vendin-e-preferuar-per-veren-2024","status":"publish","type":"post","link":"https:\/\/revistatrend.com\/index.php\/2024\/05\/09\/dua-lipa-zgjedh-shqiperine-si-vendin-e-preferuar-per-veren-2024\/","title":{"rendered":"Dua Lipa zgjedh Shqip\u00ebrin\u00eb si vendin e preferuar p\u00ebr ver\u00ebn 2024!"},"content":{"rendered":"<p>Vitet e fundit Dua Lipa ka zgjedhur bregdetin shqiptar p\u00ebr t\u00eb pushuar. Aq e mahnitur ka ngelur nga Shqip\u00ebria sa ua ka sugjeruar t\u00eb gjith\u00ebve q\u00eb t\u00eb vijn\u00eb t\u00eb pushojn\u00eb n\u00eb vendin ton\u00eb. E ftuar n\u00eb Iherartradio, Dua u pyet nga gazetari se cili \u00ebsht\u00eb vendi i preferuar i k\u00ebng\u00ebtares p\u00ebr t\u00eb kaluar pushimet, ajo u p\u00ebrgjigj: &#8220;Jugu i Shqip\u00ebris\u00eb.&#8221; K\u00ebshtu tha k\u00ebng\u00ebtarja, duke mos l\u00ebn\u00eb pas as Ibiz\u00ebn.<\/p>\n<p><img fetchpriority=\"high\" decoding=\"async\" class=\"alignnone size-full wp-image-6950\" src=\"https:\/\/revistatrend.com\/wp-content\/uploads\/2024\/05\/dua-lipa-710x439-1.webp\" alt=\"\" width=\"710\" height=\"439\" srcset=\"https:\/\/revistatrend.com\/wp-content\/uploads\/2024\/05\/dua-lipa-710x439-1.webp 710w, https:\/\/revistatrend.com\/wp-content\/uploads\/2024\/05\/dua-lipa-710x439-1-300x185.webp 300w, https:\/\/revistatrend.com\/wp-content\/uploads\/2024\/05\/dua-lipa-710x439-1-150x93.webp 150w, https:\/\/revistatrend.com\/wp-content\/uploads\/2024\/05\/dua-lipa-710x439-1-450x278.webp 450w\" sizes=\"(max-width: 710px) 100vw, 710px\" \/><\/p>\n<p>Videon e ka publikuar edhe ministrja e Turizmit, Mirela Kumbaro, e cila shkruan: \u201cDua Lipa zgjodhi Shqip\u00ebrin\u00eb si vendin e preferuar p\u00ebr ver\u00ebn 2024<\/p>\n","protected":false},"excerpt":{"rendered":"<p>Vitet e fundit Dua Lipa ka zgjedhur bregdetin shqiptar p\u00ebr t\u00eb pushuar. Aq e mahnitur ka ngelur nga Shqip\u00ebria sa ua ka sugjeruar t\u00eb gjith\u00ebve q\u00eb t\u00eb vijn\u00eb t\u00eb pushojn\u00eb n\u00eb vendin ton\u00eb. E ftuar n\u00eb Iherartradio, Dua u pyet nga gazetari se cili \u00ebsht\u00eb vendi i preferuar i k\u00ebng\u00ebtares p\u00ebr t\u00eb kaluar pushimet, ajo<\/p>\n","protected":false},"author":1,"featured_media":6949,"comment_status":"open","ping_status":"open","sticky":false,"template":"","format":"standard","meta":{"footnotes":""},"categories":[10],"tags":[],"class_list":{"0":"post-6948","1":"post","2":"type-post","3":"status-publish","4":"format-standard","5":"has-post-thumbnail","7":"category-showbiz"},"_links":{"self":[{"href":"https:\/\/revistatrend.com\/index.php\/wp-json\/wp\/v2\/posts\/6948","targetHints":{"allow":["GET"]}}],"collection":[{"href":"https:\/\/revistatrend.com\/index.php\/wp-json\/wp\/v2\/posts"}],"about":[{"href":"https:\/\/revistatrend.com\/index.php\/wp-json\/wp\/v2\/types\/post"}],"author":[{"embeddable":true,"href":"https:\/\/revistatrend.com\/index.php\/wp-json\/wp\/v2\/users\/1"}],"replies":[{"embeddable":true,"href":"https:\/\/revistatrend.com\/index.php\/wp-json\/wp\/v2\/comments?post=6948"}],"version-history":[{"count":1,"href":"https:\/\/revistatrend.com\/index.php\/wp-json\/wp\/v2\/posts\/6948\/revisions"}],"predecessor-version":[{"id":6951,"href":"https:\/\/revistatrend.com\/index.php\/wp-json\/wp\/v2\/posts\/6948\/revisions\/6951"}],"wp:featuredmedia":[{"embeddable":true,"href":"https:\/\/revistatrend.com\/index.php\/wp-json\/wp\/v2\/media\/6949"}],"wp:attachment":[{"href":"https:\/\/revistatrend.com\/index.php\/wp-json\/wp\/v2\/media?parent=6948"}],"wp:term":[{"taxonomy":"category","embeddable":true,"href":"https:\/\/revistatrend.com\/index.php\/wp-json\/wp\/v2\/categories?post=6948"},{"taxonomy":"post_tag","embeddable":true,"href":"https:\/\/revistatrend.com\/index.php\/wp-json\/wp\/v2\/tags?post=6948"}],"curies":[{"name":"wp","href":"https:\/\/api.w.org\/{rel}","templated":true}]}}