{"id":6952,"date":"2024-05-09T13:00:51","date_gmt":"2024-05-09T13:00:51","guid":{"rendered":"https:\/\/revistatrend.com\/?p=6952"},"modified":"2024-05-09T13:00:51","modified_gmt":"2024-05-09T13:00:51","slug":"para-zotit-spo-mundeni-kurrqysh-me-dale-reagon-ashper-adriana-pas-lajmit-te-rreme","status":"publish","type":"post","link":"https:\/\/revistatrend.com\/index.php\/2024\/05\/09\/para-zotit-spo-mundeni-kurrqysh-me-dale-reagon-ashper-adriana-pas-lajmit-te-rreme\/","title":{"rendered":"&#8220;Para Zotit s\u2019po mundeni kurrqysh me dal\u00eb&#8221;\/ Reagon ashp\u00ebr Adriana pas lajmit t\u00eb rrem\u00eb!"},"content":{"rendered":"<p>Nj\u00eb lajm n\u00eb TikTok ka marr\u00eb jehon\u00eb, pasi aktorja Adriana Matoshi \u00ebsht\u00eb shpallur e vdekur. Nd\u00ebrkoh\u00eb ka reaguar dhe vet\u00eb aktorja e cila p\u00ebrmes nj\u00eb postimi n\u00eb Instastory shkruan:<\/p>\n<p>\u201cKa shum\u00eb njer\u00ebz q\u00eb ma duan vdekjen, por para Zotit s\u2019po mundeni kurrqysh me dal\u00eb, \u00e7ka me bo q\u00eb ai po don un\u00eb me jetu fuqish\u00ebm\u201d.<\/p>\n<p><img fetchpriority=\"high\" decoding=\"async\" class=\"alignnone size-full wp-image-6953\" src=\"https:\/\/revistatrend.com\/wp-content\/uploads\/2024\/05\/640-0-663c950b22f75.png\" alt=\"\" width=\"640\" height=\"1043\" srcset=\"https:\/\/revistatrend.com\/wp-content\/uploads\/2024\/05\/640-0-663c950b22f75.png 640w, https:\/\/revistatrend.com\/wp-content\/uploads\/2024\/05\/640-0-663c950b22f75-184x300.png 184w, https:\/\/revistatrend.com\/wp-content\/uploads\/2024\/05\/640-0-663c950b22f75-628x1024.png 628w, https:\/\/revistatrend.com\/wp-content\/uploads\/2024\/05\/640-0-663c950b22f75-150x244.png 150w, https:\/\/revistatrend.com\/wp-content\/uploads\/2024\/05\/640-0-663c950b22f75-450x733.png 450w\" sizes=\"(max-width: 640px) 100vw, 640px\" \/><\/p>\n<p>Nd\u00ebrkoh\u00eb pak reshta m\u00eb posht\u00eb shkruan se emrin e ka me D, Adriana.<\/p>\n<p>\u201cMe D e kam emrin o popull. Adriana sa her\u00eb me ju tregu\u201d, thekson aktorja. Kujtojm\u00eb se para disa jav\u00ebsh, aktorja i \u00ebsht\u00eb n\u00ebnshtruar p\u00ebr her\u00eb t\u00eb tret\u00eb nj\u00eb nd\u00ebrhyrje kirurgjikale, pasi u diagnostikua s\u00ebrish me tumor. Por edhe k\u00ebt\u00eb her\u00eb, fatmir\u00ebsisht, nd\u00ebrhyrja ka rezultuar pozitive dhe Adriana ndodhet n\u00eb gjendje t\u00eb mir\u00eb sh\u00ebndet\u00ebsore.<\/p>\n","protected":false},"excerpt":{"rendered":"<p>Nj\u00eb lajm n\u00eb TikTok ka marr\u00eb jehon\u00eb, pasi aktorja Adriana Matoshi \u00ebsht\u00eb shpallur e vdekur. Nd\u00ebrkoh\u00eb ka reaguar dhe vet\u00eb aktorja e cila p\u00ebrmes nj\u00eb postimi n\u00eb Instastory shkruan: \u201cKa shum\u00eb njer\u00ebz q\u00eb ma duan vdekjen, por para Zotit s\u2019po mundeni kurrqysh me dal\u00eb, \u00e7ka me bo q\u00eb ai po don un\u00eb me jetu fuqish\u00ebm\u201d.<\/p>\n","protected":false},"author":1,"featured_media":6954,"comment_status":"open","ping_status":"open","sticky":false,"template":"","format":"standard","meta":{"footnotes":""},"categories":[10],"tags":[],"class_list":{"0":"post-6952","1":"post","2":"type-post","3":"status-publish","4":"format-standard","5":"has-post-thumbnail","7":"category-showbiz"},"_links":{"self":[{"href":"https:\/\/revistatrend.com\/index.php\/wp-json\/wp\/v2\/posts\/6952","targetHints":{"allow":["GET"]}}],"collection":[{"href":"https:\/\/revistatrend.com\/index.php\/wp-json\/wp\/v2\/posts"}],"about":[{"href":"https:\/\/revistatrend.com\/index.php\/wp-json\/wp\/v2\/types\/post"}],"author":[{"embeddable":true,"href":"https:\/\/revistatrend.com\/index.php\/wp-json\/wp\/v2\/users\/1"}],"replies":[{"embeddable":true,"href":"https:\/\/revistatrend.com\/index.php\/wp-json\/wp\/v2\/comments?post=6952"}],"version-history":[{"count":1,"href":"https:\/\/revistatrend.com\/index.php\/wp-json\/wp\/v2\/posts\/6952\/revisions"}],"predecessor-version":[{"id":6955,"href":"https:\/\/revistatrend.com\/index.php\/wp-json\/wp\/v2\/posts\/6952\/revisions\/6955"}],"wp:featuredmedia":[{"embeddable":true,"href":"https:\/\/revistatrend.com\/index.php\/wp-json\/wp\/v2\/media\/6954"}],"wp:attachment":[{"href":"https:\/\/revistatrend.com\/index.php\/wp-json\/wp\/v2\/media?parent=6952"}],"wp:term":[{"taxonomy":"category","embeddable":true,"href":"https:\/\/revistatrend.com\/index.php\/wp-json\/wp\/v2\/categories?post=6952"},{"taxonomy":"post_tag","embeddable":true,"href":"https:\/\/revistatrend.com\/index.php\/wp-json\/wp\/v2\/tags?post=6952"}],"curies":[{"name":"wp","href":"https:\/\/api.w.org\/{rel}","templated":true}]}}