{"id":7009,"date":"2024-05-14T13:03:17","date_gmt":"2024-05-14T13:03:17","guid":{"rendered":"https:\/\/revistatrend.com\/?p=7009"},"modified":"2024-05-14T13:03:17","modified_gmt":"2024-05-14T13:03:17","slug":"kam-pare-gjera-qe-ju-nuk-i-keni-pare-roza-flet-per-romancen-e-heidit-dhe-romeos","status":"publish","type":"post","link":"https:\/\/revistatrend.com\/index.php\/2024\/05\/14\/kam-pare-gjera-qe-ju-nuk-i-keni-pare-roza-flet-per-romancen-e-heidit-dhe-romeos\/","title":{"rendered":"&#8220;Kam par\u00eb gj\u00ebra q\u00eb ju nuk i keni par\u00eb&#8221;\/ Roza flet p\u00ebr romanc\u00ebn e Heidit dhe Romeos!"},"content":{"rendered":"<p>Roza Lati pas eleminimit nga Big Brother VIP, u pyet n\u00ebse beson tek romanca e \u00e7iftit Heidi-Romeo.<\/p>\n<p>Ish-banorja tha se e beson k\u00ebt\u00eb marr\u00ebdh\u00ebnie t\u00eb tyre, por m\u00eb shum\u00eb nga ana e Romeos, sepse sipas saj ai e v\u00ebzhgonte shpesh Heidin dhe i kushtonte asaj v\u00ebmendje.<\/p>\n<p><img fetchpriority=\"high\" decoding=\"async\" class=\"alignnone size-full wp-image-7010\" src=\"https:\/\/revistatrend.com\/wp-content\/uploads\/2024\/05\/800-0-f3d0ab1eb1c83a502c9d3c5abcfcdabe.jpeg\" alt=\"\" width=\"800\" height=\"450\" srcset=\"https:\/\/revistatrend.com\/wp-content\/uploads\/2024\/05\/800-0-f3d0ab1eb1c83a502c9d3c5abcfcdabe.jpeg 800w, https:\/\/revistatrend.com\/wp-content\/uploads\/2024\/05\/800-0-f3d0ab1eb1c83a502c9d3c5abcfcdabe-300x169.jpeg 300w, https:\/\/revistatrend.com\/wp-content\/uploads\/2024\/05\/800-0-f3d0ab1eb1c83a502c9d3c5abcfcdabe-768x432.jpeg 768w, https:\/\/revistatrend.com\/wp-content\/uploads\/2024\/05\/800-0-f3d0ab1eb1c83a502c9d3c5abcfcdabe-150x84.jpeg 150w, https:\/\/revistatrend.com\/wp-content\/uploads\/2024\/05\/800-0-f3d0ab1eb1c83a502c9d3c5abcfcdabe-450x253.jpeg 450w\" sizes=\"(max-width: 800px) 100vw, 800px\" \/><\/p>\n<p>\u201cNuk do them 5, por do them 7 sepse i jap m\u00eb shum\u00eb kredite Romeos. Un\u00eb e kisha krevatin tim 4 muaj paralel, dhe ai djal\u00eb \u00e7do m\u00ebngjes \u00e7ohej dhe hidhte syt\u00eb nga Heidi. Kam par\u00eb detaje q\u00eb mbase syri i teleshikuesit nuk i kan\u00eb par\u00eb. E kam p\u00ebrjetuar shum\u00eb dasm\u00ebn dhe emocionin e tij\u201d, tha Roza.<\/p>\n","protected":false},"excerpt":{"rendered":"<p>Roza Lati pas eleminimit nga Big Brother VIP, u pyet n\u00ebse beson tek romanca e \u00e7iftit Heidi-Romeo. Ish-banorja tha se e beson k\u00ebt\u00eb marr\u00ebdh\u00ebnie t\u00eb tyre, por m\u00eb shum\u00eb nga ana e Romeos, sepse sipas saj ai e v\u00ebzhgonte shpesh Heidin dhe i kushtonte asaj v\u00ebmendje. \u201cNuk do them 5, por do them 7 sepse<\/p>\n","protected":false},"author":1,"featured_media":7011,"comment_status":"open","ping_status":"open","sticky":false,"template":"","format":"standard","meta":{"footnotes":""},"categories":[10],"tags":[],"class_list":{"0":"post-7009","1":"post","2":"type-post","3":"status-publish","4":"format-standard","5":"has-post-thumbnail","7":"category-showbiz"},"_links":{"self":[{"href":"https:\/\/revistatrend.com\/index.php\/wp-json\/wp\/v2\/posts\/7009","targetHints":{"allow":["GET"]}}],"collection":[{"href":"https:\/\/revistatrend.com\/index.php\/wp-json\/wp\/v2\/posts"}],"about":[{"href":"https:\/\/revistatrend.com\/index.php\/wp-json\/wp\/v2\/types\/post"}],"author":[{"embeddable":true,"href":"https:\/\/revistatrend.com\/index.php\/wp-json\/wp\/v2\/users\/1"}],"replies":[{"embeddable":true,"href":"https:\/\/revistatrend.com\/index.php\/wp-json\/wp\/v2\/comments?post=7009"}],"version-history":[{"count":1,"href":"https:\/\/revistatrend.com\/index.php\/wp-json\/wp\/v2\/posts\/7009\/revisions"}],"predecessor-version":[{"id":7012,"href":"https:\/\/revistatrend.com\/index.php\/wp-json\/wp\/v2\/posts\/7009\/revisions\/7012"}],"wp:featuredmedia":[{"embeddable":true,"href":"https:\/\/revistatrend.com\/index.php\/wp-json\/wp\/v2\/media\/7011"}],"wp:attachment":[{"href":"https:\/\/revistatrend.com\/index.php\/wp-json\/wp\/v2\/media?parent=7009"}],"wp:term":[{"taxonomy":"category","embeddable":true,"href":"https:\/\/revistatrend.com\/index.php\/wp-json\/wp\/v2\/categories?post=7009"},{"taxonomy":"post_tag","embeddable":true,"href":"https:\/\/revistatrend.com\/index.php\/wp-json\/wp\/v2\/tags?post=7009"}],"curies":[{"name":"wp","href":"https:\/\/api.w.org\/{rel}","templated":true}]}}