{"id":7031,"date":"2024-05-14T13:22:49","date_gmt":"2024-05-14T13:22:49","guid":{"rendered":"https:\/\/revistatrend.com\/?p=7031"},"modified":"2024-05-14T13:22:49","modified_gmt":"2024-05-14T13:22:49","slug":"mesuesit-e-mi-gjithmone-me-rrihnin-aktori-turk-blen-shkollen-ku-kishte-bere-filloren-dhe-e-shkaterron","status":"publish","type":"post","link":"https:\/\/revistatrend.com\/index.php\/2024\/05\/14\/mesuesit-e-mi-gjithmone-me-rrihnin-aktori-turk-blen-shkollen-ku-kishte-bere-filloren-dhe-e-shkaterron\/","title":{"rendered":"&#8220;M\u00ebsuesit e mi gjithmon\u00eb m\u00eb rrihnin&#8221;\/ Aktori turk blen shkoll\u00ebn ku kishte b\u00ebr\u00eb filloren dhe e shkat\u00ebrron!"},"content":{"rendered":"<p>Aktori i njohur turk Caglar Ertugrul bleu shkoll\u00ebn ku kishte b\u00ebr\u00eb filloren dhe m\u00eb pas e shkat\u00ebrroi nd\u00ebrtes\u00ebn.<\/p>\n<p><img fetchpriority=\"high\" decoding=\"async\" class=\"alignnone size-full wp-image-7032\" src=\"https:\/\/revistatrend.com\/wp-content\/uploads\/2024\/05\/1714914818_caglarertugrul.jpeg\" alt=\"\" width=\"780\" height=\"440\" srcset=\"https:\/\/revistatrend.com\/wp-content\/uploads\/2024\/05\/1714914818_caglarertugrul.jpeg 780w, https:\/\/revistatrend.com\/wp-content\/uploads\/2024\/05\/1714914818_caglarertugrul-300x169.jpeg 300w, https:\/\/revistatrend.com\/wp-content\/uploads\/2024\/05\/1714914818_caglarertugrul-768x433.jpeg 768w, https:\/\/revistatrend.com\/wp-content\/uploads\/2024\/05\/1714914818_caglarertugrul-150x85.jpeg 150w, https:\/\/revistatrend.com\/wp-content\/uploads\/2024\/05\/1714914818_caglarertugrul-450x254.jpeg 450w\" sizes=\"(max-width: 780px) 100vw, 780px\" \/><\/p>\n<p>Ai postoi n\u00eb llogarin\u00eb e tij n\u00eb Instagram foto nga rr\u00ebnojat.<\/p>\n<p>\u201cM\u00ebsuesit e mi t\u00eb shkoll\u00ebs fillore gjithmon\u00eb m\u00eb rrihnin, k\u00ebshtu q\u00eb un\u00eb bleva shkoll\u00ebn dhe e shkat\u00ebrrova plot\u00ebsisht. Le t\u00eb jet\u00eb n\u00eb k\u00ebt\u00eb gjendje si traumat e mia t\u00eb p\u00ebrkeq\u00ebsuara\u201d, shkruan Ertugrul.<\/p>\n<p>Disa e kritikuan dhe disa t\u00eb tjer\u00eb e mb\u00ebshtet\u00ebn veprimin e tij.<\/p>\n","protected":false},"excerpt":{"rendered":"<p>Aktori i njohur turk Caglar Ertugrul bleu shkoll\u00ebn ku kishte b\u00ebr\u00eb filloren dhe m\u00eb pas e shkat\u00ebrroi nd\u00ebrtes\u00ebn. Ai postoi n\u00eb llogarin\u00eb e tij n\u00eb Instagram foto nga rr\u00ebnojat. \u201cM\u00ebsuesit e mi t\u00eb shkoll\u00ebs fillore gjithmon\u00eb m\u00eb rrihnin, k\u00ebshtu q\u00eb un\u00eb bleva shkoll\u00ebn dhe e shkat\u00ebrrova plot\u00ebsisht. Le t\u00eb jet\u00eb n\u00eb k\u00ebt\u00eb gjendje si traumat<\/p>\n","protected":false},"author":1,"featured_media":7033,"comment_status":"open","ping_status":"open","sticky":false,"template":"","format":"standard","meta":{"footnotes":""},"categories":[10],"tags":[],"class_list":{"0":"post-7031","1":"post","2":"type-post","3":"status-publish","4":"format-standard","5":"has-post-thumbnail","7":"category-showbiz"},"_links":{"self":[{"href":"https:\/\/revistatrend.com\/index.php\/wp-json\/wp\/v2\/posts\/7031","targetHints":{"allow":["GET"]}}],"collection":[{"href":"https:\/\/revistatrend.com\/index.php\/wp-json\/wp\/v2\/posts"}],"about":[{"href":"https:\/\/revistatrend.com\/index.php\/wp-json\/wp\/v2\/types\/post"}],"author":[{"embeddable":true,"href":"https:\/\/revistatrend.com\/index.php\/wp-json\/wp\/v2\/users\/1"}],"replies":[{"embeddable":true,"href":"https:\/\/revistatrend.com\/index.php\/wp-json\/wp\/v2\/comments?post=7031"}],"version-history":[{"count":1,"href":"https:\/\/revistatrend.com\/index.php\/wp-json\/wp\/v2\/posts\/7031\/revisions"}],"predecessor-version":[{"id":7034,"href":"https:\/\/revistatrend.com\/index.php\/wp-json\/wp\/v2\/posts\/7031\/revisions\/7034"}],"wp:featuredmedia":[{"embeddable":true,"href":"https:\/\/revistatrend.com\/index.php\/wp-json\/wp\/v2\/media\/7033"}],"wp:attachment":[{"href":"https:\/\/revistatrend.com\/index.php\/wp-json\/wp\/v2\/media?parent=7031"}],"wp:term":[{"taxonomy":"category","embeddable":true,"href":"https:\/\/revistatrend.com\/index.php\/wp-json\/wp\/v2\/categories?post=7031"},{"taxonomy":"post_tag","embeddable":true,"href":"https:\/\/revistatrend.com\/index.php\/wp-json\/wp\/v2\/tags?post=7031"}],"curies":[{"name":"wp","href":"https:\/\/api.w.org\/{rel}","templated":true}]}}