{"id":7039,"date":"2024-05-14T13:28:33","date_gmt":"2024-05-14T13:28:33","guid":{"rendered":"https:\/\/revistatrend.com\/?p=7039"},"modified":"2024-05-14T13:28:33","modified_gmt":"2024-05-14T13:28:33","slug":"nje-aventure-e-bukur-do-nise-kengetari-ermal-meta-zbulon-emirin-qe-kane-zgjedhur-per-vajzen-e-tij","status":"publish","type":"post","link":"https:\/\/revistatrend.com\/index.php\/2024\/05\/14\/nje-aventure-e-bukur-do-nise-kengetari-ermal-meta-zbulon-emirin-qe-kane-zgjedhur-per-vajzen-e-tij\/","title":{"rendered":"&#8220;Nj\u00eb aventur\u00eb e bukur do nis\u00eb&#8221;\/ K\u00ebng\u00ebtari Ermal Meta  zbulon emirin q\u00eb kan\u00eb zgjedhur p\u00ebr vajz\u00ebn e tij!"},"content":{"rendered":"<p>K\u00ebng\u00ebtari i njohur Ermal Meta i cili do t\u00eb b\u00ebhet baba s\u00eb shpejti ka zbuluar emirin q\u00eb kan\u00eb zgjedhur p\u00ebr vajz\u00ebn e tij.<\/p>\n<p>N\u00eb nj\u00eb intervist\u00eb p\u00ebr mediat italiane, k\u00ebng\u00ebtari zbuloi se vajza do t\u00eb quhet Fortuna Marie.<\/p>\n<p>\u201cNj\u00eb aventur\u00eb e bukur do nis\u00eb. Ajo do t\u00eb quhet Fortuna Marie. Ne e mor\u00ebm vesh lajmin kur kisha filluar t\u00eb punoja p\u00ebr albumin dhe m\u00eb duhej t\u00eb konceptoja gjith\u00e7ka p\u00ebrs\u00ebri n\u00ebn drit\u00ebn e nj\u00eb energjie tjet\u00ebr.<\/p>\n<p><img fetchpriority=\"high\" decoding=\"async\" class=\"alignnone size-full wp-image-7040\" src=\"https:\/\/revistatrend.com\/wp-content\/uploads\/2024\/05\/Ermal-Meta.jpg\" alt=\"\" width=\"638\" height=\"425\" srcset=\"https:\/\/revistatrend.com\/wp-content\/uploads\/2024\/05\/Ermal-Meta.jpg 638w, https:\/\/revistatrend.com\/wp-content\/uploads\/2024\/05\/Ermal-Meta-300x200.jpg 300w, https:\/\/revistatrend.com\/wp-content\/uploads\/2024\/05\/Ermal-Meta-150x100.jpg 150w, https:\/\/revistatrend.com\/wp-content\/uploads\/2024\/05\/Ermal-Meta-450x300.jpg 450w\" sizes=\"(max-width: 638px) 100vw, 638px\" \/><\/p>\n<p>Kam biseduar me miq t\u00eb tjer\u00eb, thon\u00eb se \u00ebsht\u00eb normale t\u00eb ndjesh k\u00ebto emocione. Jam i ngrir\u00eb dhe i lumtur duke pritur t\u00eb shoh fytyr\u00ebn e saj\u201d, tregoi k\u00ebng\u00ebtari.<\/p>\n","protected":false},"excerpt":{"rendered":"<p>K\u00ebng\u00ebtari i njohur Ermal Meta i cili do t\u00eb b\u00ebhet baba s\u00eb shpejti ka zbuluar emirin q\u00eb kan\u00eb zgjedhur p\u00ebr vajz\u00ebn e tij. N\u00eb nj\u00eb intervist\u00eb p\u00ebr mediat italiane, k\u00ebng\u00ebtari zbuloi se vajza do t\u00eb quhet Fortuna Marie. \u201cNj\u00eb aventur\u00eb e bukur do nis\u00eb. Ajo do t\u00eb quhet Fortuna Marie. Ne e mor\u00ebm vesh lajmin<\/p>\n","protected":false},"author":1,"featured_media":7041,"comment_status":"open","ping_status":"open","sticky":false,"template":"","format":"standard","meta":{"footnotes":""},"categories":[10],"tags":[],"class_list":{"0":"post-7039","1":"post","2":"type-post","3":"status-publish","4":"format-standard","5":"has-post-thumbnail","7":"category-showbiz"},"_links":{"self":[{"href":"https:\/\/revistatrend.com\/index.php\/wp-json\/wp\/v2\/posts\/7039","targetHints":{"allow":["GET"]}}],"collection":[{"href":"https:\/\/revistatrend.com\/index.php\/wp-json\/wp\/v2\/posts"}],"about":[{"href":"https:\/\/revistatrend.com\/index.php\/wp-json\/wp\/v2\/types\/post"}],"author":[{"embeddable":true,"href":"https:\/\/revistatrend.com\/index.php\/wp-json\/wp\/v2\/users\/1"}],"replies":[{"embeddable":true,"href":"https:\/\/revistatrend.com\/index.php\/wp-json\/wp\/v2\/comments?post=7039"}],"version-history":[{"count":1,"href":"https:\/\/revistatrend.com\/index.php\/wp-json\/wp\/v2\/posts\/7039\/revisions"}],"predecessor-version":[{"id":7042,"href":"https:\/\/revistatrend.com\/index.php\/wp-json\/wp\/v2\/posts\/7039\/revisions\/7042"}],"wp:featuredmedia":[{"embeddable":true,"href":"https:\/\/revistatrend.com\/index.php\/wp-json\/wp\/v2\/media\/7041"}],"wp:attachment":[{"href":"https:\/\/revistatrend.com\/index.php\/wp-json\/wp\/v2\/media?parent=7039"}],"wp:term":[{"taxonomy":"category","embeddable":true,"href":"https:\/\/revistatrend.com\/index.php\/wp-json\/wp\/v2\/categories?post=7039"},{"taxonomy":"post_tag","embeddable":true,"href":"https:\/\/revistatrend.com\/index.php\/wp-json\/wp\/v2\/tags?post=7039"}],"curies":[{"name":"wp","href":"https:\/\/api.w.org\/{rel}","templated":true}]}}