{"id":7192,"date":"2024-05-18T12:48:20","date_gmt":"2024-05-18T12:48:20","guid":{"rendered":"https:\/\/revistatrend.com\/?p=7192"},"modified":"2024-05-18T12:49:11","modified_gmt":"2024-05-18T12:49:11","slug":"tony-j-selimi-albanian-international-trend-excellence","status":"publish","type":"post","link":"https:\/\/revistatrend.com\/index.php\/2024\/05\/18\/tony-j-selimi-albanian-international-trend-excellence\/","title":{"rendered":"Tony J.Selimi\u00a0 \u2013 Albanian International Trend Excellence"},"content":{"rendered":"<h4>Tony J.Selimi\u00a0 \u2013 Albanian International Trend Excellence<\/h4>\n<p><strong>\u201cAlbanian International Trend Awards\u201d vjen n\u00eb Lond\u00ebr m\u00eb 16 qershor 2024 me prezantimin e bizneseve dhe personazheve me te shquara shqiptare ne te gjithe bot\u00ebn.\u00a0<\/strong><\/p>\n<p>LOND\u00cbR, 16 Qershor 2024 \u2013 N\u00eb nj\u00eb mbr\u00ebmje plot shk\u00eblqim dhe emocion, \u201cAlbanian International Trend Awards\u201d (AITA) do t\u00eb zhvillohet n\u00eb Lond\u00ebr m\u00eb 16 qershor 2024. Ky event do t\u00eb mbledh\u00eb bizneset dhe sip\u00ebrmarr\u00ebsit , aktivistet , shqiptar\u00eb nga e gjith\u00eb bota p\u00ebr t\u00eb festuar arritjet dhe p\u00ebr t\u00eb nderuar ata q\u00eb kan\u00eb treguar nj\u00eb nivel t\u00eb lart\u00eb t\u00eb sh\u00ebrbimit dhe cil\u00ebsis\u00eb n\u00eb komunitetin nd\u00ebrkomb\u00ebtar.<\/p>\n<p>\u201c\u00c7mimet e Ekselenc\u00ebs\u201d do t\u2019u dhurohen kompanive shqiptare q\u00eb kan\u00eb spikatur me performanc\u00ebn e tyre t\u00eb jasht\u00ebzakonshme. Kjo ngjarje do t\u00eb sh\u00ebrbej\u00eb si nj\u00eb platform\u00eb e shk\u00eblqyer p\u00ebr t\u00eb vler\u00ebsuar dhe promovuar suksesin e sip\u00ebrmarr\u00ebsve shqiptar\u00eb n\u00eb sken\u00ebn globale.<\/p>\n<h4>Tony J.Selimi &#8211; Profil<\/h4>\n<p>Tony J. Selimi \u00ebsht\u00eb nj\u00eb edukator global fitues i \u00e7mimeve, strategjist i jet\u00ebs, fol\u00ebs dhe autor i njohur. Nj\u00eb vizionar dhe filantrop i shquar, Tony \u00ebsht\u00eb nj\u00eb trajner biznesi i specializuar n\u00eb sjelljen njer\u00ebzore dhe maksimizimin e potencialit, fuqis\u00eb dhe q\u00ebllimit njer\u00ebzor.<\/p>\n<p>Tony J. Selimi \u00ebsht\u00eb fitues i \u00e7mimit &#8220;Business Coach of the Year&#8221; n\u00eb M&amp;A Today &#8211; Global Awards 2024, nj\u00eb njohje prestigjioze p\u00ebr pun\u00ebn e tij t\u00eb jasht\u00ebzakonshme n\u00eb fush\u00ebn e trajnimit t\u00eb biznesit. Duke u zgjedhur si trajneri m\u00eb i mir\u00eb nga coachfoundation.com, Tony ka vendosur standarde t\u00eb larta p\u00ebr trajner\u00ebt e biznesit anemban\u00eb bot\u00ebs.<\/p>\n<p>Udh\u00ebtimi i Tony J. Selimit \u00ebsht\u00eb nj\u00eb testament i q\u00ebndrueshm\u00ebris\u00eb dhe vendosm\u00ebris\u00eb s\u00eb tij. Pavar\u00ebsisht sfidave t\u00eb m\u00ebdha, duke p\u00ebrfshir\u00eb s\u00ebmundjen, ngacmimet dhe periudh\u00ebn e pastreh\u00ebsis\u00eb n\u00eb rrug\u00ebt e Londr\u00ebs, ai arriti t\u00eb diplomohej nga nj\u00eb nga universitetet m\u00eb t\u00eb mira inxhinierike n\u00eb MB. Sot, ai \u00ebsht\u00eb nj\u00eb fol\u00ebs i njohur i TEDx, autor i disa librave, fitues i shum\u00eb \u00e7mimeve, regjisor dhe producent ekzekutiv. Tony \u00ebsht\u00eb njohur si nj\u00eb nga ekspert\u00ebt m\u00eb t\u00eb shquar n\u00eb bot\u00eb p\u00ebr sjelljen njer\u00ebzore, psikologjin\u00eb, sh\u00ebndetin, p\u00ebrsosm\u00ebrin\u00eb, jetes\u00ebn e fuqizuar dhe t\u00eb q\u00ebllimshme, udh\u00ebheqjen dhe dashurin\u00eb.<\/p>\n<p>Pavar\u00ebsisht nga v\u00ebshtir\u00ebsit\u00eb e tij personale, Tony ka investuar n\u00eb t\u00eb m\u00ebsuarit dhe zhvillimin personal, duke kap\u00ebrcyer barrierat mendore, emocionale, fizike, shpirt\u00ebrore, marr\u00ebdh\u00ebniesh, sociale, karriere dhe financiare. Pas kriz\u00ebs financiare t\u00eb vitit 2008, Tony shfryt\u00ebzoi mund\u00ebsin\u00eb p\u00ebr t\u00eb nisur biznesin e tij, duke themeluar Sfida Solutions Ltd n\u00eb vitin 2010 dhe The Velvet Journey n\u00eb vitin 2012, nj\u00eb kompani trajnimi dhe mentorimi e fokusuar n\u00eb ndihm\u00ebn e meshkujve homoseksual\u00eb p\u00ebr t\u00eb kap\u00ebrcyer sfidat personale dhe profesionale.<\/p>\n<p>N\u00eb vitin 2014, ai botoi librin e tij t\u00eb par\u00eb, &#8220;A Path to Wisdom,&#8221; i cili jo vet\u00ebm q\u00eb zgjeroi biznesin e tij, por edhe rriti besueshm\u00ebrin\u00eb, autoritetin dhe shtrirjen e tij. Suksesi i librit t\u00eb tij, i cili u b\u00eb nj\u00eb bestseller n\u00eb Amazon, t\u00ebrhoqi mij\u00ebra klient\u00eb nga t\u00eb gjitha sferat e jet\u00ebs, duke k\u00ebrkuar sh\u00ebrbimet e tij t\u00eb st\u00ebrvitjes dhe trajnimit.<\/p>\n<p>Tony J. Selimi ka d\u00ebshmuar se \u00ebsht\u00eb nj\u00eb burim i besuesh\u00ebm dhe i vlefsh\u00ebm p\u00ebr individ\u00ebt dhe organizatat q\u00eb k\u00ebrkojn\u00eb t\u00eb p\u00ebrmir\u00ebsojn\u00eb jet\u00ebn e tyre personale dhe profesionale. Pasuria e njohurive dhe p\u00ebrvoj\u00ebs s\u00eb tij e b\u00ebn at\u00eb nj\u00eb udh\u00ebheq\u00ebs t\u00eb respektuar dhe nj\u00eb frym\u00ebzim p\u00ebr shum\u00ebk\u00ebnd. P\u00ebrkushtimi i tij p\u00ebr t\u00eb ndihmuar t\u00eb tjer\u00ebt dhe p\u00ebr t\u00eb \u00e7uar p\u00ebrpara misionin e tij p\u00ebr t\u00eb ndikuar n\u00eb jet\u00ebn e nj\u00eb miliard\u00eb njer\u00ebzve \u00ebsht\u00eb nj\u00eb arritje e jasht\u00ebzakonshme q\u00eb meriton \u00e7do vler\u00ebsim dhe \u00e7mim q\u00eb ai ka marr\u00eb.<\/p>\n<p><img fetchpriority=\"high\" decoding=\"async\" class=\"alignnone size-full wp-image-7194\" src=\"https:\/\/revistatrend.com\/wp-content\/uploads\/2024\/05\/images-2.jpeg\" alt=\"\" width=\"452\" height=\"678\" srcset=\"https:\/\/revistatrend.com\/wp-content\/uploads\/2024\/05\/images-2.jpeg 452w, https:\/\/revistatrend.com\/wp-content\/uploads\/2024\/05\/images-2-200x300.jpeg 200w, https:\/\/revistatrend.com\/wp-content\/uploads\/2024\/05\/images-2-150x225.jpeg 150w, https:\/\/revistatrend.com\/wp-content\/uploads\/2024\/05\/images-2-450x675.jpeg 450w\" sizes=\"(max-width: 452px) 100vw, 452px\" \/><\/p>\n<p>&nbsp;<\/p>\n","protected":false},"excerpt":{"rendered":"<p>Tony J.Selimi\u00a0 \u2013 Albanian International Trend Excellence \u201cAlbanian International Trend Awards\u201d vjen n\u00eb Lond\u00ebr m\u00eb 16 qershor 2024 me prezantimin e bizneseve dhe personazheve me te shquara shqiptare ne te gjithe bot\u00ebn.\u00a0 LOND\u00cbR, 16 Qershor 2024 \u2013 N\u00eb nj\u00eb mbr\u00ebmje plot shk\u00eblqim dhe emocion, \u201cAlbanian International Trend Awards\u201d (AITA) do t\u00eb zhvillohet n\u00eb Lond\u00ebr m\u00eb<\/p>\n","protected":false},"author":1,"featured_media":7193,"comment_status":"open","ping_status":"open","sticky":false,"template":"","format":"standard","meta":{"footnotes":""},"categories":[126,30],"tags":[],"class_list":{"0":"post-7192","1":"post","2":"type-post","3":"status-publish","4":"format-standard","5":"has-post-thumbnail","7":"category-awards-international","8":"category-entrepreneurs"},"_links":{"self":[{"href":"https:\/\/revistatrend.com\/index.php\/wp-json\/wp\/v2\/posts\/7192","targetHints":{"allow":["GET"]}}],"collection":[{"href":"https:\/\/revistatrend.com\/index.php\/wp-json\/wp\/v2\/posts"}],"about":[{"href":"https:\/\/revistatrend.com\/index.php\/wp-json\/wp\/v2\/types\/post"}],"author":[{"embeddable":true,"href":"https:\/\/revistatrend.com\/index.php\/wp-json\/wp\/v2\/users\/1"}],"replies":[{"embeddable":true,"href":"https:\/\/revistatrend.com\/index.php\/wp-json\/wp\/v2\/comments?post=7192"}],"version-history":[{"count":1,"href":"https:\/\/revistatrend.com\/index.php\/wp-json\/wp\/v2\/posts\/7192\/revisions"}],"predecessor-version":[{"id":7195,"href":"https:\/\/revistatrend.com\/index.php\/wp-json\/wp\/v2\/posts\/7192\/revisions\/7195"}],"wp:featuredmedia":[{"embeddable":true,"href":"https:\/\/revistatrend.com\/index.php\/wp-json\/wp\/v2\/media\/7193"}],"wp:attachment":[{"href":"https:\/\/revistatrend.com\/index.php\/wp-json\/wp\/v2\/media?parent=7192"}],"wp:term":[{"taxonomy":"category","embeddable":true,"href":"https:\/\/revistatrend.com\/index.php\/wp-json\/wp\/v2\/categories?post=7192"},{"taxonomy":"post_tag","embeddable":true,"href":"https:\/\/revistatrend.com\/index.php\/wp-json\/wp\/v2\/tags?post=7192"}],"curies":[{"name":"wp","href":"https:\/\/api.w.org\/{rel}","templated":true}]}}