{"id":7219,"date":"2024-05-18T14:35:57","date_gmt":"2024-05-18T14:35:57","guid":{"rendered":"https:\/\/revistatrend.com\/?p=7219"},"modified":"2024-05-18T14:35:57","modified_gmt":"2024-05-18T14:35:57","slug":"embelsira-ime-e-preferuar-arbana-na-tregon-sa-shume-eshte-rritur-zoi","status":"publish","type":"post","link":"https:\/\/revistatrend.com\/index.php\/2024\/05\/18\/embelsira-ime-e-preferuar-arbana-na-tregon-sa-shume-eshte-rritur-zoi\/","title":{"rendered":"&#8220;\u00cbmb\u00eblsira ime e preferuar&#8221;\/ Arbana na tregon sa shum\u00eb \u00ebsht\u00eb rritur Zoi!"},"content":{"rendered":"<p>Moderatorja e njohur Arbana Osmani na ka \u00ebmb\u00eblsuar fundjav\u00ebn me nj\u00eb foto t\u00eb vajz\u00ebs s\u00eb saj, Zoi. P\u00ebrmes nj\u00eb postimi n\u00eb rrjetet sociale, Arbana na tregon se sa \u00ebsht\u00eb rritur e vogla e saj.<\/p>\n<p><img fetchpriority=\"high\" decoding=\"async\" class=\"alignnone size-full wp-image-7221\" src=\"https:\/\/revistatrend.com\/wp-content\/uploads\/2024\/05\/640-0-66486d4bf296b.png\" alt=\"\" width=\"640\" height=\"590\" srcset=\"https:\/\/revistatrend.com\/wp-content\/uploads\/2024\/05\/640-0-66486d4bf296b.png 640w, https:\/\/revistatrend.com\/wp-content\/uploads\/2024\/05\/640-0-66486d4bf296b-300x277.png 300w, https:\/\/revistatrend.com\/wp-content\/uploads\/2024\/05\/640-0-66486d4bf296b-150x138.png 150w, https:\/\/revistatrend.com\/wp-content\/uploads\/2024\/05\/640-0-66486d4bf296b-450x415.png 450w\" sizes=\"(max-width: 640px) 100vw, 640px\" \/><\/p>\n<p>\u201c\u00cbmb\u00eblsira ime e preferuar \u00ebsht\u00eb te foto e par\u00eb por k\u00ebto edhe t\u00eb tjerat jan\u00eb super\u201d, shkruan Arbana, duke treguar portretin e Zoit.<\/p>\n","protected":false},"excerpt":{"rendered":"<p>Moderatorja e njohur Arbana Osmani na ka \u00ebmb\u00eblsuar fundjav\u00ebn me nj\u00eb foto t\u00eb vajz\u00ebs s\u00eb saj, Zoi. P\u00ebrmes nj\u00eb postimi n\u00eb rrjetet sociale, Arbana na tregon se sa \u00ebsht\u00eb rritur e vogla e saj. \u201c\u00cbmb\u00eblsira ime e preferuar \u00ebsht\u00eb te foto e par\u00eb por k\u00ebto edhe t\u00eb tjerat jan\u00eb super\u201d, shkruan Arbana, duke treguar portretin<\/p>\n","protected":false},"author":1,"featured_media":7220,"comment_status":"open","ping_status":"open","sticky":false,"template":"","format":"standard","meta":{"footnotes":""},"categories":[10],"tags":[],"class_list":{"0":"post-7219","1":"post","2":"type-post","3":"status-publish","4":"format-standard","5":"has-post-thumbnail","7":"category-showbiz"},"_links":{"self":[{"href":"https:\/\/revistatrend.com\/index.php\/wp-json\/wp\/v2\/posts\/7219","targetHints":{"allow":["GET"]}}],"collection":[{"href":"https:\/\/revistatrend.com\/index.php\/wp-json\/wp\/v2\/posts"}],"about":[{"href":"https:\/\/revistatrend.com\/index.php\/wp-json\/wp\/v2\/types\/post"}],"author":[{"embeddable":true,"href":"https:\/\/revistatrend.com\/index.php\/wp-json\/wp\/v2\/users\/1"}],"replies":[{"embeddable":true,"href":"https:\/\/revistatrend.com\/index.php\/wp-json\/wp\/v2\/comments?post=7219"}],"version-history":[{"count":1,"href":"https:\/\/revistatrend.com\/index.php\/wp-json\/wp\/v2\/posts\/7219\/revisions"}],"predecessor-version":[{"id":7222,"href":"https:\/\/revistatrend.com\/index.php\/wp-json\/wp\/v2\/posts\/7219\/revisions\/7222"}],"wp:featuredmedia":[{"embeddable":true,"href":"https:\/\/revistatrend.com\/index.php\/wp-json\/wp\/v2\/media\/7220"}],"wp:attachment":[{"href":"https:\/\/revistatrend.com\/index.php\/wp-json\/wp\/v2\/media?parent=7219"}],"wp:term":[{"taxonomy":"category","embeddable":true,"href":"https:\/\/revistatrend.com\/index.php\/wp-json\/wp\/v2\/categories?post=7219"},{"taxonomy":"post_tag","embeddable":true,"href":"https:\/\/revistatrend.com\/index.php\/wp-json\/wp\/v2\/tags?post=7219"}],"curies":[{"name":"wp","href":"https:\/\/api.w.org\/{rel}","templated":true}]}}