{"id":7400,"date":"2024-05-24T20:25:37","date_gmt":"2024-05-24T20:25:37","guid":{"rendered":"https:\/\/revistatrend.com\/?p=7400"},"modified":"2024-05-24T20:25:37","modified_gmt":"2024-05-24T20:25:37","slug":"rifat-avdiu-albanian-international-trend-ambassador","status":"publish","type":"post","link":"https:\/\/revistatrend.com\/index.php\/2024\/05\/24\/rifat-avdiu-albanian-international-trend-ambassador\/","title":{"rendered":"RIFAT AVDIU \u2013 Albanian International \u201cTrend Ambassador\u201d"},"content":{"rendered":"<h3><strong>RIFAT AVDIU <\/strong>\u2013 Albanian International \u201cTrend Ambassador\u201d<\/h3>\n<p><strong>\u201cAlbanian International Trend Awards\u201d vjen n\u00eb Lond\u00ebr m\u00eb 16 qershor 2024 me prezantimin e bizneseve dhe personazheve me te shquara shqiptare ne te gjithe bot\u00ebn.\u00a0<\/strong><\/p>\n<p>LOND\u00cbR, 16 Qershor 2024 \u2013 N\u00eb nj\u00eb mbr\u00ebmje plot shk\u00eblqim na pret me\u00a0 emocion, \u201cAlbanian International Trend Awards\u201d (AITA) do t\u00eb zhvillohet n\u00eb Lond\u00ebr m\u00eb 16 qershor 2024. Ky event do t\u00eb mbledh\u00eb bizneset dhe sip\u00ebrmarr\u00ebsit , aktivistet , shqiptar\u00eb nga e gjith\u00eb bota p\u00ebr t\u00eb festuar arritjet dhe p\u00ebr t\u00eb nderuar ata q\u00eb kan\u00eb treguar nj\u00eb nivel t\u00eb lart\u00eb t\u00eb kontributit ne fusha te ndryshme te jetes.<\/p>\n<p>\u201c\u00c7mimet e Ekselenc\u00ebs\u201d do t\u2019u dhurohen kompanive dhe\u00a0 personazheve\u00a0 shqiptare q\u00eb kan\u00eb spikatur me performanc\u00ebn e tyre t\u00eb jasht\u00ebzakonshme. Kjo ngjarje do t\u00eb sh\u00ebrbej\u00eb si nj\u00eb platform\u00eb e shk\u00eblqyer p\u00ebr t\u00eb vler\u00ebsuar dhe promovuar suksesin e sip\u00ebrmarr\u00ebsve shqiptar\u00eb n\u00eb sken\u00ebn globale.<\/p>\n<h3><strong>Rifat Avdiu \u2013 Profil\u00a0<\/strong><\/h3>\n<div class=\"flex flex-grow flex-col max-w-full\">\n<div class=\"min-h-[20px] text-message flex flex-col items-start whitespace-pre-wrap break-words [.text-message+&amp;]:mt-5 juice:w-full juice:items-end overflow-x-auto gap-2\" dir=\"auto\" data-message-author-role=\"assistant\" data-message-id=\"212a0ba1-2a4a-4565-b2d5-fbcf29a3232c\">\n<div class=\"flex w-full flex-col gap-1 juice:empty:hidden juice:first:pt-[3px]\">\n<div class=\"markdown prose w-full break-words dark:prose-invert light\">\n<p>Rifat Avdiu \u00ebsht\u00eb nj\u00eb em\u00ebr i njohur dhe i respektuar n\u00eb fush\u00ebn e medias dhe televizionit, duke u shquar si nj\u00eb producent, autor dhe prezantues i suksessh\u00ebm. Themelues dhe pronar i TVR, Avdiu ka nj\u00eb karrier\u00eb t\u00eb pasur dhe t\u00eb larmishme q\u00eb fillon n\u00eb vitin 1993 n\u00eb kanalet televizive shqiptare n\u00eb Maqedoni.<\/p>\n<p>Gjat\u00eb periudh\u00ebs s\u00eb luft\u00ebs n\u00eb Kosov\u00eb, Avdiu ishte nj\u00eb nga figurat kryesore televizive t\u00eb edicioneve informative pran\u00eb Televizionit Shtet\u00ebror t\u00eb Maqedonis\u00eb, n\u00eb Programin n\u00eb Gjuh\u00ebn Shqipe. Ky angazhim e vendosi at\u00eb n\u00eb qend\u00ebr t\u00eb ngjarjeve dhe e konsolidoi rolin e tij si nj\u00eb z\u00eb i r\u00ebnd\u00ebsish\u00ebm mediatik.<\/p>\n<p>N\u00eb vitin 2000, Rifat Avdiu nisi bashk\u00ebpunimin me kanalet kryesore televizive n\u00eb Prishtin\u00eb, si RTV21 dhe RTK, ku ai ishte autor dhe drejtues i shum\u00eb spektakleve t\u00eb suksesshme televizive si &#8220;Miss Prishtina&#8221;, &#8220;Miss Kosova&#8221;, &#8220;Game Show &#8211; Zgjidh e Merr&#8221;, &#8220;Royal Bingo&#8221; dhe &#8220;Swiss Lloto&#8221;. K\u00ebto projekte jo vet\u00ebm q\u00eb ishin t\u00eb suksesshme, por gjithashtu sh\u00ebrbyen si platforma p\u00ebr promovimin e talenteve t\u00eb rinj n\u00eb Kosov\u00eb dhe Diaspor\u00eb p\u00ebrmes emisioneve si &#8220;Dua t\u00eb jem&#8221;, &#8220;Pasioni im&#8221; dhe &#8220;Ti Vendos&#8221;.<\/p>\n<p>Nj\u00eb bashk\u00ebpunues i p\u00ebrhersh\u00ebm me elit\u00ebn e artit dhe kultur\u00ebs n\u00eb t\u00eb gjitha trojet shqiptare, Avdiu ka punuar me artist\u00eb t\u00eb m\u00ebdhenj si Enver Petrovci, Faruk Begolli, Nexhmije Pagarusha, Ilir Shaqiri dhe t\u00eb tjer\u00eb. Ai gjithashtu ka ndar\u00eb sken\u00ebn dhe ka bashk\u00ebprezantuar spektakle me yje televizive nga Tirana si Alketa Vejsiu, Rudina Magjistari, Ledina \u00c7elo dhe Rovena Dilo.<\/p>\n<p>N\u00eb dekad\u00ebn e fundit, Avdiu \u00ebsht\u00eb shquar p\u00ebr organizimin e shum\u00eb eventeve muzikore p\u00ebr bashkatdhetar\u00ebt n\u00eb Diaspor\u00eb, duke p\u00ebrfshir\u00eb vendet si Sllovenia, Austria, Italia, Gjermania, Belgjika, Skandinavia dhe Kanadaja. Gjat\u00eb aktivitetit t\u00eb tij mediatik n\u00eb Kanada, ai realizoi shum\u00eb reportazhe dhe projekte televizive q\u00eb afirmuan potencialin e komunitetit shqiptar t\u00eb Kanadas\u00eb.<\/p>\n<p><img fetchpriority=\"high\" decoding=\"async\" class=\"alignnone size-full wp-image-7401\" src=\"https:\/\/revistatrend.com\/wp-content\/uploads\/2024\/05\/foto19.jpg\" alt=\"\" width=\"2048\" height=\"1308\" srcset=\"https:\/\/revistatrend.com\/wp-content\/uploads\/2024\/05\/foto19.jpg 2048w, https:\/\/revistatrend.com\/wp-content\/uploads\/2024\/05\/foto19-300x192.jpg 300w, https:\/\/revistatrend.com\/wp-content\/uploads\/2024\/05\/foto19-1024x654.jpg 1024w, https:\/\/revistatrend.com\/wp-content\/uploads\/2024\/05\/foto19-768x491.jpg 768w, https:\/\/revistatrend.com\/wp-content\/uploads\/2024\/05\/foto19-1536x981.jpg 1536w, https:\/\/revistatrend.com\/wp-content\/uploads\/2024\/05\/foto19-150x96.jpg 150w, https:\/\/revistatrend.com\/wp-content\/uploads\/2024\/05\/foto19-450x287.jpg 450w, https:\/\/revistatrend.com\/wp-content\/uploads\/2024\/05\/foto19-1200x766.jpg 1200w\" sizes=\"(max-width: 2048px) 100vw, 2048px\" \/><\/p>\n<p>S\u00eb fundmi, Rifat Avdiu \u00ebsht\u00eb p\u00ebrqendruar n\u00eb Bruksel, ku ka hapur p\u00ebrfaq\u00ebsin\u00eb e Televizionit TVR n\u00eb bashk\u00ebpunim me biznesmenin P\u00ebrparim Reka. N\u00eb k\u00ebt\u00eb kuad\u00ebr, ai realizon \u00e7do jav\u00eb &#8220;Talk Show &#8211; Origjina Show&#8221;, ku prezantohen profilet e suksesit t\u00eb komunitetit shqiptar n\u00eb Belgjik\u00eb dhe m\u00eb gjer\u00eb. Kjo p\u00ebrfaq\u00ebsi gjithashtu organizon evente t\u00eb r\u00ebnd\u00ebsishme si &#8220;Elegant Night &#8211; Gala Spektak\u00ebl&#8221; dhe mbulon t\u00eb gjitha aktivitetet artistike, kulturore, sportive dhe atdhetare t\u00eb shqiptar\u00ebve n\u00eb Belgjik\u00eb.<\/p>\n<p>Nj\u00eb nga projektet m\u00eb interesante t\u00eb zhvilluara nga Avdiu \u00ebsht\u00eb &#8220;TVR Model Kids Belgjik\u00eb&#8221;, i cili tashm\u00eb \u00ebsht\u00eb n\u00eb vitin e pest\u00eb pas sukseseve t\u00eb arritura n\u00eb Zvic\u00ebr, Gjermani, Kanada, Kosov\u00eb dhe Maqedoni. Avdiu gjithashtu ka lansuar projekte t\u00eb reja si &#8220;Talent\u00ebt n\u00eb Diaspor\u00eb&#8221; dhe &#8220;Surprizat n\u00eb TVR&#8221;.<\/p>\n<p>P\u00ebrve\u00e7 angazhimeve t\u00eb tij televizive, Rifat Avdiu \u00ebsht\u00eb i njohur edhe si autor tekstesh k\u00ebng\u00ebsh, producent dhe realizues i shum\u00eb k\u00ebng\u00ebve dhe videoklipeve, duke treguar nj\u00eb kreativitet t\u00eb jasht\u00ebzakonsh\u00ebm edhe n\u00eb bot\u00ebn e marketingut. Ai realizon variante t\u00eb ndryshme reklamash, duke i p\u00ebrshtatur ato me rrethanat, kriteret e koh\u00ebs dhe k\u00ebrkesat e klient\u00ebve.<\/p>\n<p>N\u00eb p\u00ebrgjith\u00ebsi, Rifat Avdiu \u00ebsht\u00eb nj\u00eb figur\u00eb e shquar dhe e shum\u00ebdimensionale n\u00eb bot\u00ebn e medias shqiptare, me nj\u00eb kontribut t\u00eb r\u00ebnd\u00ebsish\u00ebm n\u00eb promovimin e kultur\u00ebs dhe artit shqiptar n\u00eb aren\u00ebn nd\u00ebrkomb\u00ebtare.<\/p>\n<\/div>\n<\/div>\n<\/div>\n<\/div>\n<div class=\"mt-1 flex gap-3 empty:hidden juice:-ml-3\">\n<div class=\"items-center justify-start rounded-xl p-1 flex\">\n<div class=\"flex items-center\"><button class=\"rounded-lg text-token-text-secondary hover:bg-token-main-surface-secondary\"><\/button><\/p>\n<div class=\"flex\"><\/div>\n<div class=\"flex items-center pb-0.5 juice:pb-0\">\n<div class=\"[&amp;_svg]:h-full [&amp;_svg]:w-full icon-md h-4 w-4\"><\/div>\n<\/div>\n<\/div>\n<\/div>\n<\/div>\n","protected":false},"excerpt":{"rendered":"<p>RIFAT AVDIU \u2013 Albanian International \u201cTrend Ambassador\u201d \u201cAlbanian International Trend Awards\u201d vjen n\u00eb Lond\u00ebr m\u00eb 16 qershor 2024 me prezantimin e bizneseve dhe personazheve me te shquara shqiptare ne te gjithe bot\u00ebn.\u00a0 LOND\u00cbR, 16 Qershor 2024 \u2013 N\u00eb nj\u00eb mbr\u00ebmje plot shk\u00eblqim na pret me\u00a0 emocion, \u201cAlbanian International Trend Awards\u201d (AITA) do t\u00eb zhvillohet n\u00eb<\/p>\n","protected":false},"author":1,"featured_media":7402,"comment_status":"open","ping_status":"open","sticky":false,"template":"","format":"standard","meta":{"footnotes":""},"categories":[126,30],"tags":[],"class_list":{"0":"post-7400","1":"post","2":"type-post","3":"status-publish","4":"format-standard","5":"has-post-thumbnail","7":"category-awards-international","8":"category-entrepreneurs"},"_links":{"self":[{"href":"https:\/\/revistatrend.com\/index.php\/wp-json\/wp\/v2\/posts\/7400","targetHints":{"allow":["GET"]}}],"collection":[{"href":"https:\/\/revistatrend.com\/index.php\/wp-json\/wp\/v2\/posts"}],"about":[{"href":"https:\/\/revistatrend.com\/index.php\/wp-json\/wp\/v2\/types\/post"}],"author":[{"embeddable":true,"href":"https:\/\/revistatrend.com\/index.php\/wp-json\/wp\/v2\/users\/1"}],"replies":[{"embeddable":true,"href":"https:\/\/revistatrend.com\/index.php\/wp-json\/wp\/v2\/comments?post=7400"}],"version-history":[{"count":1,"href":"https:\/\/revistatrend.com\/index.php\/wp-json\/wp\/v2\/posts\/7400\/revisions"}],"predecessor-version":[{"id":7403,"href":"https:\/\/revistatrend.com\/index.php\/wp-json\/wp\/v2\/posts\/7400\/revisions\/7403"}],"wp:featuredmedia":[{"embeddable":true,"href":"https:\/\/revistatrend.com\/index.php\/wp-json\/wp\/v2\/media\/7402"}],"wp:attachment":[{"href":"https:\/\/revistatrend.com\/index.php\/wp-json\/wp\/v2\/media?parent=7400"}],"wp:term":[{"taxonomy":"category","embeddable":true,"href":"https:\/\/revistatrend.com\/index.php\/wp-json\/wp\/v2\/categories?post=7400"},{"taxonomy":"post_tag","embeddable":true,"href":"https:\/\/revistatrend.com\/index.php\/wp-json\/wp\/v2\/tags?post=7400"}],"curies":[{"name":"wp","href":"https:\/\/api.w.org\/{rel}","templated":true}]}}