{"id":7429,"date":"2024-05-26T13:47:11","date_gmt":"2024-05-26T13:47:11","guid":{"rendered":"https:\/\/revistatrend.com\/?p=7429"},"modified":"2024-05-26T13:47:11","modified_gmt":"2024-05-26T13:47:11","slug":"preferoj-te-shoh-me-mire-ate-njeriun-emocional-bora-zemani-tregon-pse-romeo-veshaj-duhet-ta-fitoje-bbvip3","status":"publish","type":"post","link":"https:\/\/revistatrend.com\/index.php\/2024\/05\/26\/preferoj-te-shoh-me-mire-ate-njeriun-emocional-bora-zemani-tregon-pse-romeo-veshaj-duhet-ta-fitoje-bbvip3\/","title":{"rendered":"&#8220;Preferoj t\u00eb shoh m\u00eb mir\u00eb at\u00eb njeriun emocional&#8221;\/Bora Zemani tregon pse Romeo Veshaj duhet ta fitoj\u00eb BBVIP3!"},"content":{"rendered":"<p>Moderatorja Bora Zemani n\u00eb Cherry on Top, \u00ebsht\u00eb pyetur lidhur me finalen e Big Brother VIP3 dhe pse duhet ta fitoj\u00eb Romeo Veshaj. Ja arsyet q\u00eb dha Bora!<\/p>\n<p>\u201cPatjet\u00ebr q\u00eb mendoj se Romeo e meriton finalen jo vet\u00ebm se \u00ebsht\u00eb njeri i af\u00ebrt i imi, por di q\u00eb \u00ebsht\u00eb shum\u00eb i sinqert\u00eb aty brenda.<\/p>\n<p><img fetchpriority=\"high\" decoding=\"async\" class=\"alignnone size-full wp-image-7431\" src=\"https:\/\/revistatrend.com\/wp-content\/uploads\/2024\/05\/640-0-screenshot-4-1708379248.jpg\" alt=\"\" width=\"640\" height=\"326\" srcset=\"https:\/\/revistatrend.com\/wp-content\/uploads\/2024\/05\/640-0-screenshot-4-1708379248.jpg 640w, https:\/\/revistatrend.com\/wp-content\/uploads\/2024\/05\/640-0-screenshot-4-1708379248-300x153.jpg 300w, https:\/\/revistatrend.com\/wp-content\/uploads\/2024\/05\/640-0-screenshot-4-1708379248-150x76.jpg 150w, https:\/\/revistatrend.com\/wp-content\/uploads\/2024\/05\/640-0-screenshot-4-1708379248-450x229.jpg 450w\" sizes=\"(max-width: 640px) 100vw, 640px\" \/><\/p>\n<p>Un\u00eb vet\u00eb preferoj t\u00eb shoh m\u00eb mir\u00eb at\u00eb njeriun emocional dhe t\u00eb sinqert\u00eb, jo at\u00eb q\u00eb gjen strategji. Ka pasur durim n\u00eb shum\u00eb situata t\u00eb v\u00ebshtira. Romeo ka pasur shum\u00eb dinamika me finalist\u00ebt e tjer\u00eb&#8221;, tha moderatorja.<\/p>\n","protected":false},"excerpt":{"rendered":"<p>Moderatorja Bora Zemani n\u00eb Cherry on Top, \u00ebsht\u00eb pyetur lidhur me finalen e Big Brother VIP3 dhe pse duhet ta fitoj\u00eb Romeo Veshaj. Ja arsyet q\u00eb dha Bora! \u201cPatjet\u00ebr q\u00eb mendoj se Romeo e meriton finalen jo vet\u00ebm se \u00ebsht\u00eb njeri i af\u00ebrt i imi, por di q\u00eb \u00ebsht\u00eb shum\u00eb i sinqert\u00eb aty brenda. Un\u00eb<\/p>\n","protected":false},"author":1,"featured_media":7430,"comment_status":"open","ping_status":"open","sticky":false,"template":"","format":"standard","meta":{"footnotes":""},"categories":[10],"tags":[],"class_list":{"0":"post-7429","1":"post","2":"type-post","3":"status-publish","4":"format-standard","5":"has-post-thumbnail","7":"category-showbiz"},"_links":{"self":[{"href":"https:\/\/revistatrend.com\/index.php\/wp-json\/wp\/v2\/posts\/7429","targetHints":{"allow":["GET"]}}],"collection":[{"href":"https:\/\/revistatrend.com\/index.php\/wp-json\/wp\/v2\/posts"}],"about":[{"href":"https:\/\/revistatrend.com\/index.php\/wp-json\/wp\/v2\/types\/post"}],"author":[{"embeddable":true,"href":"https:\/\/revistatrend.com\/index.php\/wp-json\/wp\/v2\/users\/1"}],"replies":[{"embeddable":true,"href":"https:\/\/revistatrend.com\/index.php\/wp-json\/wp\/v2\/comments?post=7429"}],"version-history":[{"count":1,"href":"https:\/\/revistatrend.com\/index.php\/wp-json\/wp\/v2\/posts\/7429\/revisions"}],"predecessor-version":[{"id":7432,"href":"https:\/\/revistatrend.com\/index.php\/wp-json\/wp\/v2\/posts\/7429\/revisions\/7432"}],"wp:featuredmedia":[{"embeddable":true,"href":"https:\/\/revistatrend.com\/index.php\/wp-json\/wp\/v2\/media\/7430"}],"wp:attachment":[{"href":"https:\/\/revistatrend.com\/index.php\/wp-json\/wp\/v2\/media?parent=7429"}],"wp:term":[{"taxonomy":"category","embeddable":true,"href":"https:\/\/revistatrend.com\/index.php\/wp-json\/wp\/v2\/categories?post=7429"},{"taxonomy":"post_tag","embeddable":true,"href":"https:\/\/revistatrend.com\/index.php\/wp-json\/wp\/v2\/tags?post=7429"}],"curies":[{"name":"wp","href":"https:\/\/api.w.org\/{rel}","templated":true}]}}