{"id":7445,"date":"2024-05-27T13:15:31","date_gmt":"2024-05-27T13:15:31","guid":{"rendered":"https:\/\/revistatrend.com\/?p=7445"},"modified":"2024-05-27T13:15:31","modified_gmt":"2024-05-27T13:15:31","slug":"young-zerka-do-behet-baba-per-here-te-pare","status":"publish","type":"post","link":"https:\/\/revistatrend.com\/index.php\/2024\/05\/27\/young-zerka-do-behet-baba-per-here-te-pare\/","title":{"rendered":"Young Zerka do b\u00ebhet baba p\u00ebr her\u00eb t\u00eb par\u00eb!"},"content":{"rendered":"<p>K\u00ebng\u00ebtari Young Zerka do b\u00ebhet baba p\u00ebr her\u00eb t\u00eb par\u00eb. Iliana Trebicka \u00ebsht\u00eb partnerja e k\u00ebng\u00ebtarit, pasi lajmin e m\u00ebsuam p\u00ebrmes nj\u00eb postimi n\u00eb InstaStory nga Fifi. Fifi ka ripostuar foton e Ilian\u00ebs dhe i ka uruar mir\u00ebseardhjen n\u00eb klubin e mamave.<\/p>\n<p><img fetchpriority=\"high\" decoding=\"async\" class=\"alignnone size-full wp-image-7446\" src=\"https:\/\/revistatrend.com\/wp-content\/uploads\/2024\/05\/IMG_7530.png\" alt=\"\" width=\"863\" height=\"543\" srcset=\"https:\/\/revistatrend.com\/wp-content\/uploads\/2024\/05\/IMG_7530.png 863w, https:\/\/revistatrend.com\/wp-content\/uploads\/2024\/05\/IMG_7530-300x189.png 300w, https:\/\/revistatrend.com\/wp-content\/uploads\/2024\/05\/IMG_7530-768x483.png 768w, https:\/\/revistatrend.com\/wp-content\/uploads\/2024\/05\/IMG_7530-150x94.png 150w, https:\/\/revistatrend.com\/wp-content\/uploads\/2024\/05\/IMG_7530-450x283.png 450w\" sizes=\"(max-width: 863px) 100vw, 863px\" \/><\/p>\n<p>N\u00eb postimet e saj, Iliana ka zbuluar edhe gjinin\u00eb e bebit q\u00eb \u00ebsht\u00eb djal\u00eb. Iliana dhe Zerka jan\u00eb n\u00eb nj\u00eb lidhje prej koh\u00ebsh e cila tashm\u00eb do t\u00eb plot\u00ebsohet edhe me nj\u00eb vog\u00eblush.<\/p>\n","protected":false},"excerpt":{"rendered":"<p>K\u00ebng\u00ebtari Young Zerka do b\u00ebhet baba p\u00ebr her\u00eb t\u00eb par\u00eb. Iliana Trebicka \u00ebsht\u00eb partnerja e k\u00ebng\u00ebtarit, pasi lajmin e m\u00ebsuam p\u00ebrmes nj\u00eb postimi n\u00eb InstaStory nga Fifi. Fifi ka ripostuar foton e Ilian\u00ebs dhe i ka uruar mir\u00ebseardhjen n\u00eb klubin e mamave. N\u00eb postimet e saj, Iliana ka zbuluar edhe gjinin\u00eb e bebit q\u00eb \u00ebsht\u00eb<\/p>\n","protected":false},"author":1,"featured_media":7447,"comment_status":"open","ping_status":"open","sticky":false,"template":"","format":"standard","meta":{"footnotes":""},"categories":[10],"tags":[],"class_list":{"0":"post-7445","1":"post","2":"type-post","3":"status-publish","4":"format-standard","5":"has-post-thumbnail","7":"category-showbiz"},"_links":{"self":[{"href":"https:\/\/revistatrend.com\/index.php\/wp-json\/wp\/v2\/posts\/7445","targetHints":{"allow":["GET"]}}],"collection":[{"href":"https:\/\/revistatrend.com\/index.php\/wp-json\/wp\/v2\/posts"}],"about":[{"href":"https:\/\/revistatrend.com\/index.php\/wp-json\/wp\/v2\/types\/post"}],"author":[{"embeddable":true,"href":"https:\/\/revistatrend.com\/index.php\/wp-json\/wp\/v2\/users\/1"}],"replies":[{"embeddable":true,"href":"https:\/\/revistatrend.com\/index.php\/wp-json\/wp\/v2\/comments?post=7445"}],"version-history":[{"count":1,"href":"https:\/\/revistatrend.com\/index.php\/wp-json\/wp\/v2\/posts\/7445\/revisions"}],"predecessor-version":[{"id":7448,"href":"https:\/\/revistatrend.com\/index.php\/wp-json\/wp\/v2\/posts\/7445\/revisions\/7448"}],"wp:featuredmedia":[{"embeddable":true,"href":"https:\/\/revistatrend.com\/index.php\/wp-json\/wp\/v2\/media\/7447"}],"wp:attachment":[{"href":"https:\/\/revistatrend.com\/index.php\/wp-json\/wp\/v2\/media?parent=7445"}],"wp:term":[{"taxonomy":"category","embeddable":true,"href":"https:\/\/revistatrend.com\/index.php\/wp-json\/wp\/v2\/categories?post=7445"},{"taxonomy":"post_tag","embeddable":true,"href":"https:\/\/revistatrend.com\/index.php\/wp-json\/wp\/v2\/tags?post=7445"}],"curies":[{"name":"wp","href":"https:\/\/api.w.org\/{rel}","templated":true}]}}