{"id":7500,"date":"2024-05-29T17:08:49","date_gmt":"2024-05-29T17:08:49","guid":{"rendered":"https:\/\/revistatrend.com\/?p=7500"},"modified":"2024-05-29T17:08:49","modified_gmt":"2024-05-29T17:08:49","slug":"zyrtare-barcelona-prezanton-trajnerin-e-ri","status":"publish","type":"post","link":"https:\/\/revistatrend.com\/index.php\/2024\/05\/29\/zyrtare-barcelona-prezanton-trajnerin-e-ri\/","title":{"rendered":"Zyrtare! Barcelona prezanton trajnerin e ri!"},"content":{"rendered":"<p>FC Barcelona dhe Hansi Flick kan\u00eb arritur nj\u00eb marr\u00ebveshje q\u00eb gjermani t\u00eb b\u00ebhet trajner i ekipit deri m\u00eb 30 qershor 2026.<\/p>\n<p>Trajneri ka n\u00ebnshkruar nj\u00eb kontrat\u00eb n\u00eb zyrat e klubit t\u00eb shoq\u00ebruar nga presidenti i FC Barcelona Joan Laporta.<\/p>\n<p><img fetchpriority=\"high\" decoding=\"async\" class=\"alignnone size-full wp-image-7501\" src=\"https:\/\/revistatrend.com\/wp-content\/uploads\/2024\/05\/Barcelona-1-1068x749-1.jpg\" alt=\"\" width=\"1068\" height=\"749\" srcset=\"https:\/\/revistatrend.com\/wp-content\/uploads\/2024\/05\/Barcelona-1-1068x749-1.jpg 1068w, https:\/\/revistatrend.com\/wp-content\/uploads\/2024\/05\/Barcelona-1-1068x749-1-300x210.jpg 300w, https:\/\/revistatrend.com\/wp-content\/uploads\/2024\/05\/Barcelona-1-1068x749-1-1024x718.jpg 1024w, https:\/\/revistatrend.com\/wp-content\/uploads\/2024\/05\/Barcelona-1-1068x749-1-768x539.jpg 768w, https:\/\/revistatrend.com\/wp-content\/uploads\/2024\/05\/Barcelona-1-1068x749-1-150x105.jpg 150w, https:\/\/revistatrend.com\/wp-content\/uploads\/2024\/05\/Barcelona-1-1068x749-1-450x316.jpg 450w\" sizes=\"(max-width: 1068px) 100vw, 1068px\" \/><\/p>\n<p>Duke sjell\u00eb Hansi Flick si trajner, FC Barcelona ka zgjedhur nj\u00eb njeri t\u00eb guximsh\u00ebm, i cili ka pasur sukses t\u00eb madh n\u00eb nivel klubesh dhe nd\u00ebrkomb\u00ebtare.<\/p>\n","protected":false},"excerpt":{"rendered":"<p>FC Barcelona dhe Hansi Flick kan\u00eb arritur nj\u00eb marr\u00ebveshje q\u00eb gjermani t\u00eb b\u00ebhet trajner i ekipit deri m\u00eb 30 qershor 2026. Trajneri ka n\u00ebnshkruar nj\u00eb kontrat\u00eb n\u00eb zyrat e klubit t\u00eb shoq\u00ebruar nga presidenti i FC Barcelona Joan Laporta. Duke sjell\u00eb Hansi Flick si trajner, FC Barcelona ka zgjedhur nj\u00eb njeri t\u00eb guximsh\u00ebm, i cili<\/p>\n","protected":false},"author":1,"featured_media":7502,"comment_status":"open","ping_status":"open","sticky":false,"template":"","format":"standard","meta":{"footnotes":""},"categories":[10],"tags":[],"class_list":{"0":"post-7500","1":"post","2":"type-post","3":"status-publish","4":"format-standard","5":"has-post-thumbnail","7":"category-showbiz"},"_links":{"self":[{"href":"https:\/\/revistatrend.com\/index.php\/wp-json\/wp\/v2\/posts\/7500","targetHints":{"allow":["GET"]}}],"collection":[{"href":"https:\/\/revistatrend.com\/index.php\/wp-json\/wp\/v2\/posts"}],"about":[{"href":"https:\/\/revistatrend.com\/index.php\/wp-json\/wp\/v2\/types\/post"}],"author":[{"embeddable":true,"href":"https:\/\/revistatrend.com\/index.php\/wp-json\/wp\/v2\/users\/1"}],"replies":[{"embeddable":true,"href":"https:\/\/revistatrend.com\/index.php\/wp-json\/wp\/v2\/comments?post=7500"}],"version-history":[{"count":2,"href":"https:\/\/revistatrend.com\/index.php\/wp-json\/wp\/v2\/posts\/7500\/revisions"}],"predecessor-version":[{"id":7504,"href":"https:\/\/revistatrend.com\/index.php\/wp-json\/wp\/v2\/posts\/7500\/revisions\/7504"}],"wp:featuredmedia":[{"embeddable":true,"href":"https:\/\/revistatrend.com\/index.php\/wp-json\/wp\/v2\/media\/7502"}],"wp:attachment":[{"href":"https:\/\/revistatrend.com\/index.php\/wp-json\/wp\/v2\/media?parent=7500"}],"wp:term":[{"taxonomy":"category","embeddable":true,"href":"https:\/\/revistatrend.com\/index.php\/wp-json\/wp\/v2\/categories?post=7500"},{"taxonomy":"post_tag","embeddable":true,"href":"https:\/\/revistatrend.com\/index.php\/wp-json\/wp\/v2\/tags?post=7500"}],"curies":[{"name":"wp","href":"https:\/\/api.w.org\/{rel}","templated":true}]}}