{"id":7511,"date":"2024-05-30T15:45:57","date_gmt":"2024-05-30T15:45:57","guid":{"rendered":"https:\/\/revistatrend.com\/?p=7511"},"modified":"2024-05-30T15:45:57","modified_gmt":"2024-05-30T15:45:57","slug":"kostandina-luftoi-me-semundjen-pas-humbjes-se-bashkeshortes-agron-llakaj-ajo-qe-la-pas-uroj-qe-femijet-e-mi-ta-trashegojne","status":"publish","type":"post","link":"https:\/\/revistatrend.com\/index.php\/2024\/05\/30\/kostandina-luftoi-me-semundjen-pas-humbjes-se-bashkeshortes-agron-llakaj-ajo-qe-la-pas-uroj-qe-femijet-e-mi-ta-trashegojne\/","title":{"rendered":"&#8220;Kostandina luftoi me s\u00ebmundjen&#8221;\/ Pas humbjes s\u00eb bashk\u00ebshortes, Agron Llakaj: Ajo q\u00eb la pas, uroj q\u00eb f\u00ebmij\u00ebt e mi ta trash\u00ebgojn\u00eb!"},"content":{"rendered":"<p>Me nj\u00eb mesazh fal\u00ebnderimi p\u00ebr k\u00ebdo q\u00eb i tha fjal\u00eb zemre p\u00ebr t\u2019ia leht\u00ebsuar sa m\u00eb shum\u00eb dhimbjen e madhe Agron Llakaj, foli sot disa dit\u00eb pas humbjes s\u00eb bashk\u00ebshortes. Aktori i njohur i humorit thot\u00eb se e ka ndjer\u00eb dashurin\u00eb e \u00e7do kujt por dhimbjen p\u00ebr humbjen e Kostandin\u00ebs, nuk e leht\u00ebsoi asgj\u00eb. N\u00eb fund t\u00eb k\u00ebtij vidoe-mesazhi, Llakaj k\u00ebshillon \u00e7do k\u00ebnd q\u00eb ta vler\u00ebsoj\u00eb sh\u00ebndetin si pasurin\u00eb m\u00eb t\u00eb madhe.<\/p>\n<p><img fetchpriority=\"high\" decoding=\"async\" class=\"alignnone size-full wp-image-7512\" src=\"https:\/\/revistatrend.com\/wp-content\/uploads\/2024\/05\/kom.jpg\" alt=\"\" width=\"900\" height=\"472\" srcset=\"https:\/\/revistatrend.com\/wp-content\/uploads\/2024\/05\/kom.jpg 900w, https:\/\/revistatrend.com\/wp-content\/uploads\/2024\/05\/kom-300x157.jpg 300w, https:\/\/revistatrend.com\/wp-content\/uploads\/2024\/05\/kom-768x403.jpg 768w, https:\/\/revistatrend.com\/wp-content\/uploads\/2024\/05\/kom-150x79.jpg 150w, https:\/\/revistatrend.com\/wp-content\/uploads\/2024\/05\/kom-450x236.jpg 450w\" sizes=\"(max-width: 900px) 100vw, 900px\" \/><\/p>\n<p>\u201cFaleminderit p\u00ebr cdo fjal\u00eb zemre p\u00ebr mua dhe familjen tim. G\u00ebzimet dhe hidh\u00ebrimet ndahen me njer\u00ebzit, t\u00eb njohur e t\u00eb panjohur. Dashuria e madhe e njer\u00ebzve na b\u00ebri q\u00eb k\u00ebto dit\u00eb t\u00eb v\u00ebshtira t\u2019i kalojm\u00eb m\u00eb leht\u00eb. Dhimbja q\u00eb Kostandina la mbrapa, \u00ebsht\u00eb shum\u00eb e madhe. P\u00ebrgjat\u00eb dy viteve Kostandina luftoi me s\u00ebmundjen. Un\u00eb nuk e ndala pun\u00ebn as n\u00eb ato dit\u00eb. Ishte e v\u00ebshtir\u00eb t\u00eb b\u00ebje humor, kur n\u00eb zem\u00ebr kishe nj\u00eb thik\u00eb. Motivi im ishte Kostandina. Ajo q\u00eb Kostandina la pas, uroj q\u00eb f\u00ebmij\u00ebt e mi ta trash\u00ebgojn\u00eb. Dashurin\u00eb e madhe njer\u00ebzore dhe respektin njer\u00ebzor mbi gjith\u00e7ka.<\/p>\n<p>Pasuria m\u00eb e madhe q\u00eb mund t\u00eb kemi n\u00eb jet\u00eb \u00ebsht\u00eb sh\u00ebndeti. Para sh\u00ebndetit, jet\u00ebs dhe njer\u00ebzve t\u00eb dashur t\u00eb familjes, \u00e7do gj\u00eb tjet\u00ebr \u00ebsht\u00eb shum\u00eb e vog\u00ebl!\u201d, thot\u00eb Llakaj<\/p>\n","protected":false},"excerpt":{"rendered":"<p>Me nj\u00eb mesazh fal\u00ebnderimi p\u00ebr k\u00ebdo q\u00eb i tha fjal\u00eb zemre p\u00ebr t\u2019ia leht\u00ebsuar sa m\u00eb shum\u00eb dhimbjen e madhe Agron Llakaj, foli sot disa dit\u00eb pas humbjes s\u00eb bashk\u00ebshortes. Aktori i njohur i humorit thot\u00eb se e ka ndjer\u00eb dashurin\u00eb e \u00e7do kujt por dhimbjen p\u00ebr humbjen e Kostandin\u00ebs, nuk e leht\u00ebsoi asgj\u00eb. N\u00eb<\/p>\n","protected":false},"author":1,"featured_media":7513,"comment_status":"open","ping_status":"open","sticky":false,"template":"","format":"standard","meta":{"footnotes":""},"categories":[10],"tags":[],"class_list":{"0":"post-7511","1":"post","2":"type-post","3":"status-publish","4":"format-standard","5":"has-post-thumbnail","7":"category-showbiz"},"_links":{"self":[{"href":"https:\/\/revistatrend.com\/index.php\/wp-json\/wp\/v2\/posts\/7511","targetHints":{"allow":["GET"]}}],"collection":[{"href":"https:\/\/revistatrend.com\/index.php\/wp-json\/wp\/v2\/posts"}],"about":[{"href":"https:\/\/revistatrend.com\/index.php\/wp-json\/wp\/v2\/types\/post"}],"author":[{"embeddable":true,"href":"https:\/\/revistatrend.com\/index.php\/wp-json\/wp\/v2\/users\/1"}],"replies":[{"embeddable":true,"href":"https:\/\/revistatrend.com\/index.php\/wp-json\/wp\/v2\/comments?post=7511"}],"version-history":[{"count":1,"href":"https:\/\/revistatrend.com\/index.php\/wp-json\/wp\/v2\/posts\/7511\/revisions"}],"predecessor-version":[{"id":7514,"href":"https:\/\/revistatrend.com\/index.php\/wp-json\/wp\/v2\/posts\/7511\/revisions\/7514"}],"wp:featuredmedia":[{"embeddable":true,"href":"https:\/\/revistatrend.com\/index.php\/wp-json\/wp\/v2\/media\/7513"}],"wp:attachment":[{"href":"https:\/\/revistatrend.com\/index.php\/wp-json\/wp\/v2\/media?parent=7511"}],"wp:term":[{"taxonomy":"category","embeddable":true,"href":"https:\/\/revistatrend.com\/index.php\/wp-json\/wp\/v2\/categories?post=7511"},{"taxonomy":"post_tag","embeddable":true,"href":"https:\/\/revistatrend.com\/index.php\/wp-json\/wp\/v2\/tags?post=7511"}],"curies":[{"name":"wp","href":"https:\/\/api.w.org\/{rel}","templated":true}]}}