{"id":7515,"date":"2024-05-30T15:47:18","date_gmt":"2024-05-30T15:47:18","guid":{"rendered":"https:\/\/revistatrend.com\/?p=7515"},"modified":"2024-05-30T15:47:18","modified_gmt":"2024-05-30T15:47:18","slug":"aksidentohet-egla-ceno-dergohet-me-urgjence-ne-spital","status":"publish","type":"post","link":"https:\/\/revistatrend.com\/index.php\/2024\/05\/30\/aksidentohet-egla-ceno-dergohet-me-urgjence-ne-spital\/","title":{"rendered":"Aksidentohet Egla Ceno, d\u00ebrgohet me urgjenc\u00eb n\u00eb spital!"},"content":{"rendered":"<p>Fituesja e &#8220;Big Brother VIP&#8221;, Egla Ceno, \u00ebsht\u00eb rr\u00ebzuar dje nga shkall\u00ebt dhe \u00ebsht\u00eb d\u00ebrguar me urgjenc\u00eb n\u00eb spital.<\/p>\n<p>Gjith\u00e7ka ka ndodhur para emisionit t\u00eb djesh\u00ebm t\u00eb post-Big Brother. Moderatori Ledion Li\u00e7o lajm\u00ebroi n\u00eb nisje t\u00eb mbr\u00ebmjes s\u00eb djeshme se Egla Ceno kishte p\u00ebsuar nj\u00eb incident, nd\u00ebrsa vet\u00eb fituesja e &#8220;Big Brother&#8221; u shpreh se kishte dhimbje n\u00eb k\u00ebmb\u00eb gjat\u00eb emisionit.<\/p>\n<p><img fetchpriority=\"high\" decoding=\"async\" class=\"alignnone size-full wp-image-7516\" src=\"https:\/\/revistatrend.com\/wp-content\/uploads\/2024\/05\/WhatsApp-Image-2024-05-29-at-14.47.06-705x720-1.jpeg\" alt=\"\" width=\"705\" height=\"720\" srcset=\"https:\/\/revistatrend.com\/wp-content\/uploads\/2024\/05\/WhatsApp-Image-2024-05-29-at-14.47.06-705x720-1.jpeg 705w, https:\/\/revistatrend.com\/wp-content\/uploads\/2024\/05\/WhatsApp-Image-2024-05-29-at-14.47.06-705x720-1-294x300.jpeg 294w, https:\/\/revistatrend.com\/wp-content\/uploads\/2024\/05\/WhatsApp-Image-2024-05-29-at-14.47.06-705x720-1-150x153.jpeg 150w, https:\/\/revistatrend.com\/wp-content\/uploads\/2024\/05\/WhatsApp-Image-2024-05-29-at-14.47.06-705x720-1-450x460.jpeg 450w\" sizes=\"(max-width: 705px) 100vw, 705px\" \/><\/p>\n<p>Aktorja thuhet se ka r\u00ebn\u00eb nga shkall\u00ebt para se t\u00eb niste transmetimi i post-Big Brother. Pak \u00e7aste m\u00eb par\u00eb Egla publikon nj\u00eb foto n\u00eb Instastory dhe thot\u00eb se tani po e merr veten.<\/p>\n","protected":false},"excerpt":{"rendered":"<p>Fituesja e &#8220;Big Brother VIP&#8221;, Egla Ceno, \u00ebsht\u00eb rr\u00ebzuar dje nga shkall\u00ebt dhe \u00ebsht\u00eb d\u00ebrguar me urgjenc\u00eb n\u00eb spital. Gjith\u00e7ka ka ndodhur para emisionit t\u00eb djesh\u00ebm t\u00eb post-Big Brother. Moderatori Ledion Li\u00e7o lajm\u00ebroi n\u00eb nisje t\u00eb mbr\u00ebmjes s\u00eb djeshme se Egla Ceno kishte p\u00ebsuar nj\u00eb incident, nd\u00ebrsa vet\u00eb fituesja e &#8220;Big Brother&#8221; u shpreh se<\/p>\n","protected":false},"author":1,"featured_media":7498,"comment_status":"open","ping_status":"open","sticky":false,"template":"","format":"standard","meta":{"footnotes":""},"categories":[10],"tags":[],"class_list":{"0":"post-7515","1":"post","2":"type-post","3":"status-publish","4":"format-standard","5":"has-post-thumbnail","7":"category-showbiz"},"_links":{"self":[{"href":"https:\/\/revistatrend.com\/index.php\/wp-json\/wp\/v2\/posts\/7515","targetHints":{"allow":["GET"]}}],"collection":[{"href":"https:\/\/revistatrend.com\/index.php\/wp-json\/wp\/v2\/posts"}],"about":[{"href":"https:\/\/revistatrend.com\/index.php\/wp-json\/wp\/v2\/types\/post"}],"author":[{"embeddable":true,"href":"https:\/\/revistatrend.com\/index.php\/wp-json\/wp\/v2\/users\/1"}],"replies":[{"embeddable":true,"href":"https:\/\/revistatrend.com\/index.php\/wp-json\/wp\/v2\/comments?post=7515"}],"version-history":[{"count":1,"href":"https:\/\/revistatrend.com\/index.php\/wp-json\/wp\/v2\/posts\/7515\/revisions"}],"predecessor-version":[{"id":7517,"href":"https:\/\/revistatrend.com\/index.php\/wp-json\/wp\/v2\/posts\/7515\/revisions\/7517"}],"wp:featuredmedia":[{"embeddable":true,"href":"https:\/\/revistatrend.com\/index.php\/wp-json\/wp\/v2\/media\/7498"}],"wp:attachment":[{"href":"https:\/\/revistatrend.com\/index.php\/wp-json\/wp\/v2\/media?parent=7515"}],"wp:term":[{"taxonomy":"category","embeddable":true,"href":"https:\/\/revistatrend.com\/index.php\/wp-json\/wp\/v2\/categories?post=7515"},{"taxonomy":"post_tag","embeddable":true,"href":"https:\/\/revistatrend.com\/index.php\/wp-json\/wp\/v2\/tags?post=7515"}],"curies":[{"name":"wp","href":"https:\/\/api.w.org\/{rel}","templated":true}]}}