{"id":7558,"date":"2024-05-31T14:26:33","date_gmt":"2024-05-31T14:26:33","guid":{"rendered":"https:\/\/revistatrend.com\/?p=7558"},"modified":"2024-05-31T14:26:33","modified_gmt":"2024-05-31T14:26:33","slug":"all-eyes-on-rafah-kuptimi-i-shprehjes-qe-u-be-virale-ne-rrjet","status":"publish","type":"post","link":"https:\/\/revistatrend.com\/index.php\/2024\/05\/31\/all-eyes-on-rafah-kuptimi-i-shprehjes-qe-u-be-virale-ne-rrjet\/","title":{"rendered":"&#8220;All Eyes on Rafah!&#8221;\/ Kuptimi i shprehjes q\u00eb u b\u00eb virale n\u00eb rrjet!"},"content":{"rendered":"<p>Pak dit\u00eb m\u00eb par\u00eb, ushtria izraelite kreu nj\u00eb sulm n\u00eb nj\u00eb kamp, duke vrar\u00eb 45 persona. Pas k\u00ebsaj masakre, n\u00eb rrjetet sociale \u00ebsht\u00eb p\u00ebrhapur shprehja All Eyes on Rafah! Kjo shprehje \u00ebsht\u00eb b\u00ebr\u00eb simbol i protestave universitare n\u00eb mbar\u00eb bot\u00ebn, duke k\u00ebrkuar q\u00eb njer\u00ebzit t\u00eb mos injorojn\u00eb masakr\u00ebn q\u00eb po ndodh n\u00eb Gaza dhe t\u00eb vazhdojn\u00eb t\u00eb b\u00ebjn\u00eb thirrje p\u00ebr arm\u00ebpushim.<\/p>\n<p>Ky slogan sh\u00ebrben si nj\u00eb ftes\u00eb p\u00ebr t\u00eb mbajtur v\u00ebmendjen te mizorit\u00eb n\u00eb Rafah. Q\u00eb nga nisja e luft\u00ebs m\u00eb 7 tetor deri m\u00eb tani, ofensiva ushtarake e Izraelit n\u00eb Rripin e Gaz\u00ebs ka vrar\u00eb mbi 33,000 palestinez\u00eb, p\u00ebrfshir\u00eb 13,800 f\u00ebmij\u00eb.<\/p>\n<p>P\u00ebr shkak t\u00eb k\u00ebtyre ngjarjeve, Gjykata Nd\u00ebrkomb\u00ebtare Penale (ICC) ka vendosur q\u00eb kryeministri izraelit Benjamin Netanyahu dhe lideri i Hamasit Yahya Sinwar duhet t\u00eb arrestohen p\u00ebr krime lufte.<\/p>\n","protected":false},"excerpt":{"rendered":"<p>Pak dit\u00eb m\u00eb par\u00eb, ushtria izraelite kreu nj\u00eb sulm n\u00eb nj\u00eb kamp, duke vrar\u00eb 45 persona. Pas k\u00ebsaj masakre, n\u00eb rrjetet sociale \u00ebsht\u00eb p\u00ebrhapur shprehja All Eyes on Rafah! Kjo shprehje \u00ebsht\u00eb b\u00ebr\u00eb simbol i protestave universitare n\u00eb mbar\u00eb bot\u00ebn, duke k\u00ebrkuar q\u00eb njer\u00ebzit t\u00eb mos injorojn\u00eb masakr\u00ebn q\u00eb po ndodh n\u00eb Gaza dhe t\u00eb<\/p>\n","protected":false},"author":1,"featured_media":7559,"comment_status":"open","ping_status":"open","sticky":false,"template":"","format":"standard","meta":{"footnotes":""},"categories":[38],"tags":[],"class_list":{"0":"post-7558","1":"post","2":"type-post","3":"status-publish","4":"format-standard","5":"has-post-thumbnail","7":"category-reality-tv"},"_links":{"self":[{"href":"https:\/\/revistatrend.com\/index.php\/wp-json\/wp\/v2\/posts\/7558","targetHints":{"allow":["GET"]}}],"collection":[{"href":"https:\/\/revistatrend.com\/index.php\/wp-json\/wp\/v2\/posts"}],"about":[{"href":"https:\/\/revistatrend.com\/index.php\/wp-json\/wp\/v2\/types\/post"}],"author":[{"embeddable":true,"href":"https:\/\/revistatrend.com\/index.php\/wp-json\/wp\/v2\/users\/1"}],"replies":[{"embeddable":true,"href":"https:\/\/revistatrend.com\/index.php\/wp-json\/wp\/v2\/comments?post=7558"}],"version-history":[{"count":1,"href":"https:\/\/revistatrend.com\/index.php\/wp-json\/wp\/v2\/posts\/7558\/revisions"}],"predecessor-version":[{"id":7560,"href":"https:\/\/revistatrend.com\/index.php\/wp-json\/wp\/v2\/posts\/7558\/revisions\/7560"}],"wp:featuredmedia":[{"embeddable":true,"href":"https:\/\/revistatrend.com\/index.php\/wp-json\/wp\/v2\/media\/7559"}],"wp:attachment":[{"href":"https:\/\/revistatrend.com\/index.php\/wp-json\/wp\/v2\/media?parent=7558"}],"wp:term":[{"taxonomy":"category","embeddable":true,"href":"https:\/\/revistatrend.com\/index.php\/wp-json\/wp\/v2\/categories?post=7558"},{"taxonomy":"post_tag","embeddable":true,"href":"https:\/\/revistatrend.com\/index.php\/wp-json\/wp\/v2\/tags?post=7558"}],"curies":[{"name":"wp","href":"https:\/\/api.w.org\/{rel}","templated":true}]}}