{"id":7748,"date":"2024-06-17T11:27:52","date_gmt":"2024-06-17T11:27:52","guid":{"rendered":"https:\/\/revistatrend.com\/?p=7748"},"modified":"2024-06-17T11:27:52","modified_gmt":"2024-06-17T11:27:52","slug":"vjen-ne-jete-djali-i-dyte-i-aktores-olta-gixharit","status":"publish","type":"post","link":"https:\/\/revistatrend.com\/index.php\/2024\/06\/17\/vjen-ne-jete-djali-i-dyte-i-aktores-olta-gixharit\/","title":{"rendered":"Vjen n\u00eb jet\u00eb djali i dyt\u00eb i aktores Olta Gixharit!"},"content":{"rendered":"<p>Aktorja Olta Gixhari \u00ebsht\u00eb b\u00ebr\u00eb n\u00ebn\u00eb p\u00ebr her\u00eb t\u00eb dyt\u00eb. Ajo ka sjell\u00eb n\u00eb jet\u00eb nj\u00eb tjet\u00ebr djal\u00eb.<\/p>\n<p>Ish-banorja e Big Brother 2 ka ndar\u00eb nj\u00eb foto t\u00eb \u00ebmb\u00ebl nga spitali ku shihet bashk\u00eb me dy djemt\u00eb e saj.<br \/>\nNd\u00ebrsa poston fotot, Olta tregon vet\u00ebm dat\u00ebn e tij t\u00eb lindjes s\u00eb djalit. Urime Olta, me jet\u00eb t\u00eb gjat\u00eb!<\/p>\n<p><img fetchpriority=\"high\" decoding=\"async\" class=\"alignnone size-full wp-image-7749\" src=\"https:\/\/revistatrend.com\/wp-content\/uploads\/2024\/06\/olta.png\" alt=\"\" width=\"602\" height=\"486\" srcset=\"https:\/\/revistatrend.com\/wp-content\/uploads\/2024\/06\/olta.png 602w, https:\/\/revistatrend.com\/wp-content\/uploads\/2024\/06\/olta-300x242.png 300w, https:\/\/revistatrend.com\/wp-content\/uploads\/2024\/06\/olta-150x121.png 150w, https:\/\/revistatrend.com\/wp-content\/uploads\/2024\/06\/olta-450x363.png 450w\" sizes=\"(max-width: 602px) 100vw, 602px\" \/><\/p>\n","protected":false},"excerpt":{"rendered":"<p>Aktorja Olta Gixhari \u00ebsht\u00eb b\u00ebr\u00eb n\u00ebn\u00eb p\u00ebr her\u00eb t\u00eb dyt\u00eb. Ajo ka sjell\u00eb n\u00eb jet\u00eb nj\u00eb tjet\u00ebr djal\u00eb. Ish-banorja e Big Brother 2 ka ndar\u00eb nj\u00eb foto t\u00eb \u00ebmb\u00ebl nga spitali ku shihet bashk\u00eb me dy djemt\u00eb e saj. Nd\u00ebrsa poston fotot, Olta tregon vet\u00ebm dat\u00ebn e tij t\u00eb lindjes s\u00eb djalit. Urime Olta, me<\/p>\n","protected":false},"author":1,"featured_media":7750,"comment_status":"open","ping_status":"open","sticky":false,"template":"","format":"standard","meta":{"footnotes":""},"categories":[10],"tags":[],"class_list":{"0":"post-7748","1":"post","2":"type-post","3":"status-publish","4":"format-standard","5":"has-post-thumbnail","7":"category-showbiz"},"_links":{"self":[{"href":"https:\/\/revistatrend.com\/index.php\/wp-json\/wp\/v2\/posts\/7748","targetHints":{"allow":["GET"]}}],"collection":[{"href":"https:\/\/revistatrend.com\/index.php\/wp-json\/wp\/v2\/posts"}],"about":[{"href":"https:\/\/revistatrend.com\/index.php\/wp-json\/wp\/v2\/types\/post"}],"author":[{"embeddable":true,"href":"https:\/\/revistatrend.com\/index.php\/wp-json\/wp\/v2\/users\/1"}],"replies":[{"embeddable":true,"href":"https:\/\/revistatrend.com\/index.php\/wp-json\/wp\/v2\/comments?post=7748"}],"version-history":[{"count":1,"href":"https:\/\/revistatrend.com\/index.php\/wp-json\/wp\/v2\/posts\/7748\/revisions"}],"predecessor-version":[{"id":7751,"href":"https:\/\/revistatrend.com\/index.php\/wp-json\/wp\/v2\/posts\/7748\/revisions\/7751"}],"wp:featuredmedia":[{"embeddable":true,"href":"https:\/\/revistatrend.com\/index.php\/wp-json\/wp\/v2\/media\/7750"}],"wp:attachment":[{"href":"https:\/\/revistatrend.com\/index.php\/wp-json\/wp\/v2\/media?parent=7748"}],"wp:term":[{"taxonomy":"category","embeddable":true,"href":"https:\/\/revistatrend.com\/index.php\/wp-json\/wp\/v2\/categories?post=7748"},{"taxonomy":"post_tag","embeddable":true,"href":"https:\/\/revistatrend.com\/index.php\/wp-json\/wp\/v2\/tags?post=7748"}],"curies":[{"name":"wp","href":"https:\/\/api.w.org\/{rel}","templated":true}]}}