{"id":7779,"date":"2024-06-18T15:18:52","date_gmt":"2024-06-18T15:18:52","guid":{"rendered":"https:\/\/revistatrend.com\/?p=7779"},"modified":"2024-06-18T15:18:52","modified_gmt":"2024-06-18T15:18:52","slug":"pse-vajzat-e-ciftit-obama-nuk-kane-marre-pjese-ne-politike","status":"publish","type":"post","link":"https:\/\/revistatrend.com\/index.php\/2024\/06\/18\/pse-vajzat-e-ciftit-obama-nuk-kane-marre-pjese-ne-politike\/","title":{"rendered":"Pse vajzat e \u00e7iftit Obama nuk kan\u00eb marr\u00eb pjes\u00eb n\u00eb politik\u00eb!"},"content":{"rendered":"<p>Prej koh\u00ebsh po p\u00ebrflitej se Michelle Obama do t\u00eb futej n\u00eb gar\u00eb p\u00ebrball\u00eb presidentit amerikan Joe Biden, por kjo \u00ebsht\u00eb hedhur nga zyra e ish-zonj\u00ebs s\u00eb par\u00eb.<\/p>\n<p>\u201cSi\u00e7 e ka shprehur ish-zonja e par\u00eb Michelle Obama disa her\u00eb gjat\u00eb viteve, ajo nuk do t\u00eb kandidoj\u00eb p\u00ebr presidente\u201d, deklaroi zyra, duke e b\u00ebr\u00eb t\u00eb qart\u00eb prej koh\u00ebsh se t\u00eb hysh n\u00eb politik\u00eb \u00ebsht\u00eb nj\u00eb ide e tmerrshme.<\/p>\n<p>Ish-presidenti Barack Obama i pyetur po ashtu n\u00ebse vajzat e tij do t\u00eb p\u00ebrfshiheshin ndonj\u00ebher\u00eb n\u00eb politik\u00eb, tha: &#8220;Kjo \u00ebsht\u00eb nj\u00eb pyetje q\u00eb nuk kam nevoj\u00eb t&#8217;i p\u00ebrgjigjem, sepse Michelle i ka shpjeguar se do t\u00eb ishte \u00e7menduri n\u00ebse ato do t\u00eb merrnin k\u00ebt\u00eb hap. Nuk do t\u00eb ndodh\u00eb kurr\u00eb.\u201d<\/p>\n<p><img fetchpriority=\"high\" decoding=\"async\" class=\"alignnone size-full wp-image-7780\" src=\"https:\/\/revistatrend.com\/wp-content\/uploads\/2024\/06\/malia-obama-11708525569.webp\" alt=\"\" width=\"839\" height=\"521\" srcset=\"https:\/\/revistatrend.com\/wp-content\/uploads\/2024\/06\/malia-obama-11708525569.webp 839w, https:\/\/revistatrend.com\/wp-content\/uploads\/2024\/06\/malia-obama-11708525569-300x186.webp 300w, https:\/\/revistatrend.com\/wp-content\/uploads\/2024\/06\/malia-obama-11708525569-768x477.webp 768w, https:\/\/revistatrend.com\/wp-content\/uploads\/2024\/06\/malia-obama-11708525569-150x93.webp 150w, https:\/\/revistatrend.com\/wp-content\/uploads\/2024\/06\/malia-obama-11708525569-450x279.webp 450w\" sizes=\"(max-width: 839px) 100vw, 839px\" \/><br \/>\nSigurisht, kjo nuk ishte e vetmja gj\u00eb q\u00eb ish-presidenti tha. Ai vuri n\u00eb dukje faktin se si Donald Trump, nj\u00eb i d\u00ebnuar, ka nj\u00eb mund\u00ebsi p\u00ebr t\u00eb rifituar Sht\u00ebpin\u00eb e Bardh\u00eb n\u00eb zgjedhjet e ardhshme.<\/p>\n<p>&#8220;Shikoni, nj\u00eb pjes\u00eb e asaj q\u00eb ka ndodhur n\u00eb vitet e fundit \u00ebsht\u00eb se ne kemi normalizuar sjelljen q\u00eb dikur skualifikohej. Ishte nj\u00eb koh\u00eb kur ne kishim disa vlera thelb\u00ebsore me t\u00eb cilat ishim dakord. Ne besuam n\u00eb ndershm\u00ebrin\u00eb themelore\u201d, tha Obama.<\/p>\n","protected":false},"excerpt":{"rendered":"<p>Prej koh\u00ebsh po p\u00ebrflitej se Michelle Obama do t\u00eb futej n\u00eb gar\u00eb p\u00ebrball\u00eb presidentit amerikan Joe Biden, por kjo \u00ebsht\u00eb hedhur nga zyra e ish-zonj\u00ebs s\u00eb par\u00eb. \u201cSi\u00e7 e ka shprehur ish-zonja e par\u00eb Michelle Obama disa her\u00eb gjat\u00eb viteve, ajo nuk do t\u00eb kandidoj\u00eb p\u00ebr presidente\u201d, deklaroi zyra, duke e b\u00ebr\u00eb t\u00eb qart\u00eb prej<\/p>\n","protected":false},"author":1,"featured_media":7781,"comment_status":"open","ping_status":"open","sticky":false,"template":"","format":"standard","meta":{"footnotes":""},"categories":[10],"tags":[],"class_list":{"0":"post-7779","1":"post","2":"type-post","3":"status-publish","4":"format-standard","5":"has-post-thumbnail","7":"category-showbiz"},"_links":{"self":[{"href":"https:\/\/revistatrend.com\/index.php\/wp-json\/wp\/v2\/posts\/7779","targetHints":{"allow":["GET"]}}],"collection":[{"href":"https:\/\/revistatrend.com\/index.php\/wp-json\/wp\/v2\/posts"}],"about":[{"href":"https:\/\/revistatrend.com\/index.php\/wp-json\/wp\/v2\/types\/post"}],"author":[{"embeddable":true,"href":"https:\/\/revistatrend.com\/index.php\/wp-json\/wp\/v2\/users\/1"}],"replies":[{"embeddable":true,"href":"https:\/\/revistatrend.com\/index.php\/wp-json\/wp\/v2\/comments?post=7779"}],"version-history":[{"count":1,"href":"https:\/\/revistatrend.com\/index.php\/wp-json\/wp\/v2\/posts\/7779\/revisions"}],"predecessor-version":[{"id":7782,"href":"https:\/\/revistatrend.com\/index.php\/wp-json\/wp\/v2\/posts\/7779\/revisions\/7782"}],"wp:featuredmedia":[{"embeddable":true,"href":"https:\/\/revistatrend.com\/index.php\/wp-json\/wp\/v2\/media\/7781"}],"wp:attachment":[{"href":"https:\/\/revistatrend.com\/index.php\/wp-json\/wp\/v2\/media?parent=7779"}],"wp:term":[{"taxonomy":"category","embeddable":true,"href":"https:\/\/revistatrend.com\/index.php\/wp-json\/wp\/v2\/categories?post=7779"},{"taxonomy":"post_tag","embeddable":true,"href":"https:\/\/revistatrend.com\/index.php\/wp-json\/wp\/v2\/tags?post=7779"}],"curies":[{"name":"wp","href":"https:\/\/api.w.org\/{rel}","templated":true}]}}