{"id":7833,"date":"2024-06-23T19:44:45","date_gmt":"2024-06-23T19:44:45","guid":{"rendered":"https:\/\/revistatrend.com\/?p=7833"},"modified":"2024-06-23T19:44:45","modified_gmt":"2024-06-23T19:44:45","slug":"jam-e-dashuruar-adrola-dushi-konfirmon-lidhjen-me-reperin","status":"publish","type":"post","link":"https:\/\/revistatrend.com\/index.php\/2024\/06\/23\/jam-e-dashuruar-adrola-dushi-konfirmon-lidhjen-me-reperin\/","title":{"rendered":"&#8220;Jam e dashuruar&#8221;\/ Adrola Dushi konfirmon lidhjen me reperin!"},"content":{"rendered":"<p>Modelja bukuroshe Adrola Dushi dhe k\u00ebng\u00ebtari i famsh\u00ebm Capital T jan\u00eb n\u00eb nj\u00eb lidhje dashurie. Lajmin e ka konfirmuar bukuroshja n\u00eb emisionin \u2018S\u2019e Luan Topi\u2019 n\u00eb Top Channel. Edhe pse nuk e tha emrin, Adrola tha se \u00ebsht\u00eb e dashuruar me djalin m\u00eb t\u00eb bukur shqiptar.<\/p>\n<p>\u201cUroj q\u00eb ask\u00ebnd mos lasht\u00eb zoti pa dashuri. Un\u00eb jam shum\u00eb e lumtur, jam e llastuar nga zoti. Un\u00eb si vajz\u00eb kam d\u00ebshir\u00eb ta b\u00ebrtas lumturin\u00eb time. Jam e dashuruar. Por n\u00eb k\u00ebto vite q\u00eb po kalojn\u00eb i rri larg ul\u00ebrimave sepse kam frik\u00eb. M\u00eb duket se \u00e7do gj\u00eb e bukur nuk jeton gjat\u00eb n\u00ebse b\u00ebhet e madhe. Jam e lumtur dhe e dashuruar&#8221;, tha Adrola.<\/p>\n","protected":false},"excerpt":{"rendered":"<p>Modelja bukuroshe Adrola Dushi dhe k\u00ebng\u00ebtari i famsh\u00ebm Capital T jan\u00eb n\u00eb nj\u00eb lidhje dashurie. Lajmin e ka konfirmuar bukuroshja n\u00eb emisionin \u2018S\u2019e Luan Topi\u2019 n\u00eb Top Channel. Edhe pse nuk e tha emrin, Adrola tha se \u00ebsht\u00eb e dashuruar me djalin m\u00eb t\u00eb bukur shqiptar. \u201cUroj q\u00eb ask\u00ebnd mos lasht\u00eb zoti pa dashuri. Un\u00eb<\/p>\n","protected":false},"author":1,"featured_media":7834,"comment_status":"open","ping_status":"open","sticky":false,"template":"","format":"standard","meta":{"footnotes":""},"categories":[10],"tags":[],"class_list":{"0":"post-7833","1":"post","2":"type-post","3":"status-publish","4":"format-standard","5":"has-post-thumbnail","7":"category-showbiz"},"_links":{"self":[{"href":"https:\/\/revistatrend.com\/index.php\/wp-json\/wp\/v2\/posts\/7833","targetHints":{"allow":["GET"]}}],"collection":[{"href":"https:\/\/revistatrend.com\/index.php\/wp-json\/wp\/v2\/posts"}],"about":[{"href":"https:\/\/revistatrend.com\/index.php\/wp-json\/wp\/v2\/types\/post"}],"author":[{"embeddable":true,"href":"https:\/\/revistatrend.com\/index.php\/wp-json\/wp\/v2\/users\/1"}],"replies":[{"embeddable":true,"href":"https:\/\/revistatrend.com\/index.php\/wp-json\/wp\/v2\/comments?post=7833"}],"version-history":[{"count":1,"href":"https:\/\/revistatrend.com\/index.php\/wp-json\/wp\/v2\/posts\/7833\/revisions"}],"predecessor-version":[{"id":7835,"href":"https:\/\/revistatrend.com\/index.php\/wp-json\/wp\/v2\/posts\/7833\/revisions\/7835"}],"wp:featuredmedia":[{"embeddable":true,"href":"https:\/\/revistatrend.com\/index.php\/wp-json\/wp\/v2\/media\/7834"}],"wp:attachment":[{"href":"https:\/\/revistatrend.com\/index.php\/wp-json\/wp\/v2\/media?parent=7833"}],"wp:term":[{"taxonomy":"category","embeddable":true,"href":"https:\/\/revistatrend.com\/index.php\/wp-json\/wp\/v2\/categories?post=7833"},{"taxonomy":"post_tag","embeddable":true,"href":"https:\/\/revistatrend.com\/index.php\/wp-json\/wp\/v2\/tags?post=7833"}],"curies":[{"name":"wp","href":"https:\/\/api.w.org\/{rel}","templated":true}]}}