{"id":7845,"date":"2024-06-23T19:50:12","date_gmt":"2024-06-23T19:50:12","guid":{"rendered":"https:\/\/revistatrend.com\/?p=7845"},"modified":"2024-06-23T19:50:12","modified_gmt":"2024-06-23T19:50:12","slug":"lidhja-jone-erdhi-pa-menduar-arbana-dhe-regjisori-rrefejne-historine-e-dashurise","status":"publish","type":"post","link":"https:\/\/revistatrend.com\/index.php\/2024\/06\/23\/lidhja-jone-erdhi-pa-menduar-arbana-dhe-regjisori-rrefejne-historine-e-dashurise\/","title":{"rendered":"&#8220;Lidhja jon\u00eb erdhi pa menduar&#8221;\/ Arbana dhe regjisori rr\u00ebfejn\u00eb historin\u00eb e dashuris\u00eb!"},"content":{"rendered":"<p>Arbana dhe Edi hapin zemr\u00ebn, tregojn\u00eb p\u00ebr her\u00eb t\u00eb par\u00eb si nisi historia e tyre e dashuris\u00eb.<\/p>\n<p>Arbana Osmani dhe Eduart Grishaj ishin t\u00eb ftuar n\u00eb podkastin e kryeministrit Edi Rama.<\/p>\n<p>N\u00eb nj\u00eb rr\u00ebfim ndryshe \u00e7ifti foli mbi karrier\u00ebn dhe jet\u00ebn private, duke ndar\u00eb detaje t\u00eb rrug\u00ebtimit t\u00eb tyre n\u00eb televizion.<\/p>\n<p>Arbana tha se jan\u00eb njohur n\u00eb televizion ku kan\u00eb punuar bashk\u00eb dhe lidhja e tyre erdhi natyrsh\u00ebm.<\/p>\n<p>\u201cNe nuk kemi punuar shum\u00eb ngusht\u00eb bashk\u00eb n\u00eb fillim. Edi ka qen\u00eb edhe kamerman i programeve q\u00eb un\u00eb drejtoja, por nuk kemi patur ndonj\u00eb raport. Pastaj filluam t\u00eb punonim shum\u00eb m\u00eb ngusht\u00eb bashk\u00eb dhe filluam ta njihnim nj\u00ebri-tjetrin. Nuk ka asgj\u00eb t\u00eb jasht\u00ebzakonshme. Thjesht dy njer\u00ebz q\u00eb jan\u00eb gjetur n\u00eb nj\u00eb vend pune dhe n\u00eb nj\u00eb moment kan\u00eb filluar ta shikojn\u00eb ndryshe nj\u00ebri-tjetrin. Mua fillimisht m\u00eb b\u00ebri p\u00ebrshtypje talenti i Edit. M\u00eb vjen keq q\u00eb talenti i tij \u00ebsht\u00eb paragjykuar ndonj\u00ebher\u00eb edhe prej lidhjes son\u00eb. Lidhja u b\u00eb natyrsh\u00ebm, pa mendje. Asnj\u00ebri prej nesh nuk po k\u00ebrkonte lidhje&#8221;, tha ajo.<\/p>\n<p><img fetchpriority=\"high\" decoding=\"async\" class=\"alignnone size-full wp-image-7846\" src=\"https:\/\/revistatrend.com\/wp-content\/uploads\/2024\/06\/640-0-6676b0d929507.png\" alt=\"\" width=\"640\" height=\"457\" srcset=\"https:\/\/revistatrend.com\/wp-content\/uploads\/2024\/06\/640-0-6676b0d929507.png 640w, https:\/\/revistatrend.com\/wp-content\/uploads\/2024\/06\/640-0-6676b0d929507-300x214.png 300w, https:\/\/revistatrend.com\/wp-content\/uploads\/2024\/06\/640-0-6676b0d929507-150x107.png 150w, https:\/\/revistatrend.com\/wp-content\/uploads\/2024\/06\/640-0-6676b0d929507-450x321.png 450w\" sizes=\"(max-width: 640px) 100vw, 640px\" \/><\/p>\n<p>Nga ana tjet\u00ebr, Edi e p\u00ebrshkroi Arban\u00ebn ndryshe nga t\u00eb gjitha vajzat e televizionit dhe si nj\u00eb vajz\u00eb t\u00eb jasht\u00ebzakonshme.<\/p>\n<p>\u201cKur e njoha nga af\u00ebr njoha nj\u00eb profesioniste t\u00eb ekranit. Por, njoha edhe nj\u00eb vajz\u00eb t\u00eb jasht\u00ebzakonshme, q\u00eb nuk e kisha par\u00eb asnj\u00ebher\u00ebe q\u00eb kur fillova pun\u00eb n\u00eb televizion. Kisha par\u00eb shum\u00eb vajza, por nuk kisha par\u00eb Arban\u00ebn&#8221;.<\/p>\n","protected":false},"excerpt":{"rendered":"<p>Arbana dhe Edi hapin zemr\u00ebn, tregojn\u00eb p\u00ebr her\u00eb t\u00eb par\u00eb si nisi historia e tyre e dashuris\u00eb. Arbana Osmani dhe Eduart Grishaj ishin t\u00eb ftuar n\u00eb podkastin e kryeministrit Edi Rama. N\u00eb nj\u00eb rr\u00ebfim ndryshe \u00e7ifti foli mbi karrier\u00ebn dhe jet\u00ebn private, duke ndar\u00eb detaje t\u00eb rrug\u00ebtimit t\u00eb tyre n\u00eb televizion. Arbana tha se jan\u00eb<\/p>\n","protected":false},"author":1,"featured_media":7847,"comment_status":"open","ping_status":"open","sticky":false,"template":"","format":"standard","meta":{"footnotes":""},"categories":[10],"tags":[],"class_list":{"0":"post-7845","1":"post","2":"type-post","3":"status-publish","4":"format-standard","5":"has-post-thumbnail","7":"category-showbiz"},"_links":{"self":[{"href":"https:\/\/revistatrend.com\/index.php\/wp-json\/wp\/v2\/posts\/7845","targetHints":{"allow":["GET"]}}],"collection":[{"href":"https:\/\/revistatrend.com\/index.php\/wp-json\/wp\/v2\/posts"}],"about":[{"href":"https:\/\/revistatrend.com\/index.php\/wp-json\/wp\/v2\/types\/post"}],"author":[{"embeddable":true,"href":"https:\/\/revistatrend.com\/index.php\/wp-json\/wp\/v2\/users\/1"}],"replies":[{"embeddable":true,"href":"https:\/\/revistatrend.com\/index.php\/wp-json\/wp\/v2\/comments?post=7845"}],"version-history":[{"count":1,"href":"https:\/\/revistatrend.com\/index.php\/wp-json\/wp\/v2\/posts\/7845\/revisions"}],"predecessor-version":[{"id":7848,"href":"https:\/\/revistatrend.com\/index.php\/wp-json\/wp\/v2\/posts\/7845\/revisions\/7848"}],"wp:featuredmedia":[{"embeddable":true,"href":"https:\/\/revistatrend.com\/index.php\/wp-json\/wp\/v2\/media\/7847"}],"wp:attachment":[{"href":"https:\/\/revistatrend.com\/index.php\/wp-json\/wp\/v2\/media?parent=7845"}],"wp:term":[{"taxonomy":"category","embeddable":true,"href":"https:\/\/revistatrend.com\/index.php\/wp-json\/wp\/v2\/categories?post=7845"},{"taxonomy":"post_tag","embeddable":true,"href":"https:\/\/revistatrend.com\/index.php\/wp-json\/wp\/v2\/tags?post=7845"}],"curies":[{"name":"wp","href":"https:\/\/api.w.org\/{rel}","templated":true}]}}