{"id":7849,"date":"2024-06-26T15:36:58","date_gmt":"2024-06-26T15:36:58","guid":{"rendered":"https:\/\/revistatrend.com\/?p=7849"},"modified":"2024-06-26T15:36:58","modified_gmt":"2024-06-26T15:36:58","slug":"pse-kylie-jenner-papritmas-filloi-te-dukej-ndryshe","status":"publish","type":"post","link":"https:\/\/revistatrend.com\/index.php\/2024\/06\/26\/pse-kylie-jenner-papritmas-filloi-te-dukej-ndryshe\/","title":{"rendered":"Pse Kylie Jenner papritmas filloi t\u00eb dukej ndryshe!"},"content":{"rendered":"<p>Kylie Jenner ka t\u00ebrhequr v\u00ebmendjen e fansave koh\u00ebt e fundit, p\u00ebr shkak t\u00eb pamjes s\u00eb saj. Shum\u00eb prej fansave t\u00eb saj kan\u00eb v\u00ebn\u00eb re ndryshimin n\u00eb tiparet e fytyr\u00ebs, pasi papritmas ylli 26-vje\u00e7ar filloi t\u00eb dukej ndryshe.<\/p>\n<p>Ekspert\u00ebt shpjegojn\u00eb se mund t\u00eb jen\u00eb efekte an\u00ebsore t\u00eb disa procedurave kozmetike. Ekspert\u00ebt, duke marr\u00eb shembull rastin e Kylie Jenner, shpjegojn\u00eb se si procedurat e bukuris\u00eb mund t\u00eb ndryshojn\u00eb ndjesh\u00ebm pamjen e dikujt, duke ngjallur edhe debat publik. Nd\u00ebrsa diskutimet rreth pamjes s\u00eb Kylie Jenner vazhdojn\u00eb, ekspertja kozmetike Molly Bailey shpjegon efektin negativ t\u00eb produkteve q\u00eb p\u00ebrdoren nga vajzat. Ajo shpjegoi se p.r.sh, t\u00ebrheqje e buz\u00ebs, ndikon n\u00eb zon\u00ebn e hund\u00ebs. Molly vuri n\u00eb dukje se nd\u00ebrsa k\u00ebto trajtime synojn\u00eb t\u00eb p\u00ebrmir\u00ebsojn\u00eb estetik\u00ebn e fytyr\u00ebs, ato ndonj\u00ebher\u00eb mund t\u00eb \u00e7ojn\u00eb n\u00eb pasoja t\u00eb pad\u00ebshiruara n\u00ebse nuk kryhen si\u00e7 duhet. Duke diskutuar p\u00ebr fryrjen e v\u00ebrejtur n\u00eb faqet e Kylie-t, Molly thot\u00eb se kur mbush\u00ebsit injektohen n\u00ebn sy ndonj\u00ebher\u00eb mund t\u00eb pengojn\u00eb drenimin natyral t\u00eb indit limfatik n\u00eb zon\u00eb. Ky bllokim mund t\u00eb shkaktoj\u00eb fryrje, duke e b\u00ebr\u00eb m\u00eb t\u00eb theksuar ligamentin zigomatik t\u00eb l\u00ebkur\u00ebs. Kjo mund t&#8217;i jap\u00eb fytyr\u00ebs nj\u00eb pamje, e cila shpesh ngat\u00ebrrohet me shenja t\u00eb plakjes ose p\u00ebrdorimit t\u00eb tepruar t\u00eb procedurave kozmetike.<\/p>\n<p><img fetchpriority=\"high\" decoding=\"async\" class=\"alignnone size-full wp-image-7850\" src=\"https:\/\/revistatrend.com\/wp-content\/uploads\/2024\/06\/kyl1.jpg\" alt=\"\" width=\"634\" height=\"468\" srcset=\"https:\/\/revistatrend.com\/wp-content\/uploads\/2024\/06\/kyl1.jpg 634w, https:\/\/revistatrend.com\/wp-content\/uploads\/2024\/06\/kyl1-300x221.jpg 300w, https:\/\/revistatrend.com\/wp-content\/uploads\/2024\/06\/kyl1-150x111.jpg 150w, https:\/\/revistatrend.com\/wp-content\/uploads\/2024\/06\/kyl1-450x332.jpg 450w\" sizes=\"(max-width: 634px) 100vw, 634px\" \/><\/p>\n<p>Molly shpjegoi m\u00eb tej se k\u00ebto procedura kozmetike, megjith\u00ebse p\u00ebrgjith\u00ebsisht t\u00eb sigurta, k\u00ebrkojn\u00eb nj\u00eb nivel t\u00eb lart\u00eb ekspertize dhe sakt\u00ebsie. \u00c7do llogaritje e gabuar n\u00eb sasin\u00eb ose vendosjen e injektuesve mund t\u00eb \u00e7oj\u00eb n\u00eb ndryshime t\u00eb dukshme dhe shpesh t\u00eb pad\u00ebshiruara n\u00eb pamje. Ajo theksoi r\u00ebnd\u00ebsin\u00eb e trajtimit nga profesionist\u00eb t\u00eb kualifikuar q\u00eb kuptojn\u00eb kompleksitetin e anatomis\u00eb s\u00eb fytyr\u00ebs dhe pasojat e mundshme t\u00eb secil\u00ebs procedur\u00eb.<\/p>\n<p>N\u00eb rastin e Kylie, shenjat e v\u00ebn\u00eb re, mund t\u00eb jen\u00eb p\u00ebr shkak t\u00eb dehidrimit ose munges\u00ebs s\u00eb gjumit, gj\u00eb q\u00eb mund t\u00eb \u00e7oj\u00eb n\u00eb \u00ebnjtje n\u00ebn sy.<\/p>\n","protected":false},"excerpt":{"rendered":"<p>Kylie Jenner ka t\u00ebrhequr v\u00ebmendjen e fansave koh\u00ebt e fundit, p\u00ebr shkak t\u00eb pamjes s\u00eb saj. Shum\u00eb prej fansave t\u00eb saj kan\u00eb v\u00ebn\u00eb re ndryshimin n\u00eb tiparet e fytyr\u00ebs, pasi papritmas ylli 26-vje\u00e7ar filloi t\u00eb dukej ndryshe. Ekspert\u00ebt shpjegojn\u00eb se mund t\u00eb jen\u00eb efekte an\u00ebsore t\u00eb disa procedurave kozmetike. Ekspert\u00ebt, duke marr\u00eb shembull rastin e<\/p>\n","protected":false},"author":1,"featured_media":7851,"comment_status":"open","ping_status":"open","sticky":false,"template":"","format":"standard","meta":{"footnotes":""},"categories":[10],"tags":[],"class_list":{"0":"post-7849","1":"post","2":"type-post","3":"status-publish","4":"format-standard","5":"has-post-thumbnail","7":"category-showbiz"},"_links":{"self":[{"href":"https:\/\/revistatrend.com\/index.php\/wp-json\/wp\/v2\/posts\/7849","targetHints":{"allow":["GET"]}}],"collection":[{"href":"https:\/\/revistatrend.com\/index.php\/wp-json\/wp\/v2\/posts"}],"about":[{"href":"https:\/\/revistatrend.com\/index.php\/wp-json\/wp\/v2\/types\/post"}],"author":[{"embeddable":true,"href":"https:\/\/revistatrend.com\/index.php\/wp-json\/wp\/v2\/users\/1"}],"replies":[{"embeddable":true,"href":"https:\/\/revistatrend.com\/index.php\/wp-json\/wp\/v2\/comments?post=7849"}],"version-history":[{"count":1,"href":"https:\/\/revistatrend.com\/index.php\/wp-json\/wp\/v2\/posts\/7849\/revisions"}],"predecessor-version":[{"id":7852,"href":"https:\/\/revistatrend.com\/index.php\/wp-json\/wp\/v2\/posts\/7849\/revisions\/7852"}],"wp:featuredmedia":[{"embeddable":true,"href":"https:\/\/revistatrend.com\/index.php\/wp-json\/wp\/v2\/media\/7851"}],"wp:attachment":[{"href":"https:\/\/revistatrend.com\/index.php\/wp-json\/wp\/v2\/media?parent=7849"}],"wp:term":[{"taxonomy":"category","embeddable":true,"href":"https:\/\/revistatrend.com\/index.php\/wp-json\/wp\/v2\/categories?post=7849"},{"taxonomy":"post_tag","embeddable":true,"href":"https:\/\/revistatrend.com\/index.php\/wp-json\/wp\/v2\/tags?post=7849"}],"curies":[{"name":"wp","href":"https:\/\/api.w.org\/{rel}","templated":true}]}}