{"id":7853,"date":"2024-06-26T15:38:35","date_gmt":"2024-06-26T15:38:35","guid":{"rendered":"https:\/\/revistatrend.com\/?p=7853"},"modified":"2024-06-26T15:38:35","modified_gmt":"2024-06-26T15:38:35","slug":"ike-dhe-more-kuptimin-e-jetes-aktori-i-njohur-agron-llakaj-kujton-bashkeshorten-e-tij-te-ndjere","status":"publish","type":"post","link":"https:\/\/revistatrend.com\/index.php\/2024\/06\/26\/ike-dhe-more-kuptimin-e-jetes-aktori-i-njohur-agron-llakaj-kujton-bashkeshorten-e-tij-te-ndjere\/","title":{"rendered":"&#8220;Ike dhe more kuptimin e jet\u00ebs\u201d\/ Aktori i njohur Agron Llakaj kujton bashk\u00ebshorten e tij t\u00eb ndjer\u00eb!"},"content":{"rendered":"<p>Aktori i njohur Agron Llakaj ka kujtuar bashk\u00ebshorten e tij t\u00eb ndjer\u00eb, Kostandin\u00ebn, e cila u nda nga jeta 1 muaj m\u00eb par\u00eb.<\/p>\n<p>P\u00ebrmes nj\u00eb Instastory, Agroni kujton sa shum\u00eb i mungon gjysma e tij dhe dhimbjen q\u00eb i la mungesa e saj.<\/p>\n<p>\u201cIke dhe more kuptimin e jet\u00ebs\u201d, shkruan nd\u00ebr rreshta Agroni.<\/p>\n<p><img fetchpriority=\"high\" decoding=\"async\" class=\"alignnone size-full wp-image-7854\" src=\"https:\/\/revistatrend.com\/wp-content\/uploads\/2024\/06\/1716637842_agronllakaj.jpeg\" alt=\"\" width=\"780\" height=\"440\" srcset=\"https:\/\/revistatrend.com\/wp-content\/uploads\/2024\/06\/1716637842_agronllakaj.jpeg 780w, https:\/\/revistatrend.com\/wp-content\/uploads\/2024\/06\/1716637842_agronllakaj-300x169.jpeg 300w, https:\/\/revistatrend.com\/wp-content\/uploads\/2024\/06\/1716637842_agronllakaj-768x433.jpeg 768w, https:\/\/revistatrend.com\/wp-content\/uploads\/2024\/06\/1716637842_agronllakaj-150x85.jpeg 150w, https:\/\/revistatrend.com\/wp-content\/uploads\/2024\/06\/1716637842_agronllakaj-450x254.jpeg 450w\" sizes=\"(max-width: 780px) 100vw, 780px\" \/><\/p>\n","protected":false},"excerpt":{"rendered":"<p>Aktori i njohur Agron Llakaj ka kujtuar bashk\u00ebshorten e tij t\u00eb ndjer\u00eb, Kostandin\u00ebn, e cila u nda nga jeta 1 muaj m\u00eb par\u00eb. P\u00ebrmes nj\u00eb Instastory, Agroni kujton sa shum\u00eb i mungon gjysma e tij dhe dhimbjen q\u00eb i la mungesa e saj. \u201cIke dhe more kuptimin e jet\u00ebs\u201d, shkruan nd\u00ebr rreshta Agroni.<\/p>\n","protected":false},"author":1,"featured_media":7855,"comment_status":"open","ping_status":"open","sticky":false,"template":"","format":"standard","meta":{"footnotes":""},"categories":[10],"tags":[],"class_list":{"0":"post-7853","1":"post","2":"type-post","3":"status-publish","4":"format-standard","5":"has-post-thumbnail","7":"category-showbiz"},"_links":{"self":[{"href":"https:\/\/revistatrend.com\/index.php\/wp-json\/wp\/v2\/posts\/7853","targetHints":{"allow":["GET"]}}],"collection":[{"href":"https:\/\/revistatrend.com\/index.php\/wp-json\/wp\/v2\/posts"}],"about":[{"href":"https:\/\/revistatrend.com\/index.php\/wp-json\/wp\/v2\/types\/post"}],"author":[{"embeddable":true,"href":"https:\/\/revistatrend.com\/index.php\/wp-json\/wp\/v2\/users\/1"}],"replies":[{"embeddable":true,"href":"https:\/\/revistatrend.com\/index.php\/wp-json\/wp\/v2\/comments?post=7853"}],"version-history":[{"count":1,"href":"https:\/\/revistatrend.com\/index.php\/wp-json\/wp\/v2\/posts\/7853\/revisions"}],"predecessor-version":[{"id":7856,"href":"https:\/\/revistatrend.com\/index.php\/wp-json\/wp\/v2\/posts\/7853\/revisions\/7856"}],"wp:featuredmedia":[{"embeddable":true,"href":"https:\/\/revistatrend.com\/index.php\/wp-json\/wp\/v2\/media\/7855"}],"wp:attachment":[{"href":"https:\/\/revistatrend.com\/index.php\/wp-json\/wp\/v2\/media?parent=7853"}],"wp:term":[{"taxonomy":"category","embeddable":true,"href":"https:\/\/revistatrend.com\/index.php\/wp-json\/wp\/v2\/categories?post=7853"},{"taxonomy":"post_tag","embeddable":true,"href":"https:\/\/revistatrend.com\/index.php\/wp-json\/wp\/v2\/tags?post=7853"}],"curies":[{"name":"wp","href":"https:\/\/api.w.org\/{rel}","templated":true}]}}