{"id":7868,"date":"2024-06-26T15:45:51","date_gmt":"2024-06-26T15:45:51","guid":{"rendered":"https:\/\/revistatrend.com\/?p=7868"},"modified":"2024-06-26T15:45:51","modified_gmt":"2024-06-26T15:45:51","slug":"pas-ndarjes-princ-leka-nuk-fsheh-romancen-me-blerta-celibashin","status":"publish","type":"post","link":"https:\/\/revistatrend.com\/index.php\/2024\/06\/26\/pas-ndarjes-princ-leka-nuk-fsheh-romancen-me-blerta-celibashin\/","title":{"rendered":"Pas ndarjes, Princ Leka nuk fsheh romanc\u00ebn me Blerta Celibashin!"},"content":{"rendered":"<p>Pas ndarjes nga aktorja Elia Zaharia, Princ Leka nuk e fsheh m\u00eb romanc\u00ebn e re me fotografen Blerta Celibashin.<\/p>\n<p>Dyshja s\u00eb fundmi jan\u00eb fotografuar krah nj\u00ebri-tjetrit n\u00eb nj\u00eb event t\u00eb r\u00ebnd\u00ebsish\u00ebm n\u00eb kryeqytet, p\u00ebr t\u00eb festuar marr\u00ebdh\u00ebniet dypal\u00ebshe Franc\u00eb- Shqip\u00ebri.<\/p>\n<p>Kujtojm\u00eb se Princ Leka i ka dh\u00ebn\u00eb fund martes\u00ebs me ish-bashk\u00ebshorten para disa muajsh, me t\u00eb cil\u00ebn ka dhe nj\u00eb vajz\u00eb Geraldin\u00ebn. Martesa e tyre p\u00ebrfundoi edhe m\u00eb nj\u00eb grindje t\u00eb madhe, ku nuk munguan akuzat p\u00ebr dhun\u00eb.<\/p>\n","protected":false},"excerpt":{"rendered":"<p>Pas ndarjes nga aktorja Elia Zaharia, Princ Leka nuk e fsheh m\u00eb romanc\u00ebn e re me fotografen Blerta Celibashin. Dyshja s\u00eb fundmi jan\u00eb fotografuar krah nj\u00ebri-tjetrit n\u00eb nj\u00eb event t\u00eb r\u00ebnd\u00ebsish\u00ebm n\u00eb kryeqytet, p\u00ebr t\u00eb festuar marr\u00ebdh\u00ebniet dypal\u00ebshe Franc\u00eb- Shqip\u00ebri. Kujtojm\u00eb se Princ Leka i ka dh\u00ebn\u00eb fund martes\u00ebs me ish-bashk\u00ebshorten para disa muajsh, me<\/p>\n","protected":false},"author":1,"featured_media":7869,"comment_status":"open","ping_status":"open","sticky":false,"template":"","format":"standard","meta":{"footnotes":""},"categories":[10],"tags":[],"class_list":{"0":"post-7868","1":"post","2":"type-post","3":"status-publish","4":"format-standard","5":"has-post-thumbnail","7":"category-showbiz"},"_links":{"self":[{"href":"https:\/\/revistatrend.com\/index.php\/wp-json\/wp\/v2\/posts\/7868","targetHints":{"allow":["GET"]}}],"collection":[{"href":"https:\/\/revistatrend.com\/index.php\/wp-json\/wp\/v2\/posts"}],"about":[{"href":"https:\/\/revistatrend.com\/index.php\/wp-json\/wp\/v2\/types\/post"}],"author":[{"embeddable":true,"href":"https:\/\/revistatrend.com\/index.php\/wp-json\/wp\/v2\/users\/1"}],"replies":[{"embeddable":true,"href":"https:\/\/revistatrend.com\/index.php\/wp-json\/wp\/v2\/comments?post=7868"}],"version-history":[{"count":1,"href":"https:\/\/revistatrend.com\/index.php\/wp-json\/wp\/v2\/posts\/7868\/revisions"}],"predecessor-version":[{"id":7870,"href":"https:\/\/revistatrend.com\/index.php\/wp-json\/wp\/v2\/posts\/7868\/revisions\/7870"}],"wp:featuredmedia":[{"embeddable":true,"href":"https:\/\/revistatrend.com\/index.php\/wp-json\/wp\/v2\/media\/7869"}],"wp:attachment":[{"href":"https:\/\/revistatrend.com\/index.php\/wp-json\/wp\/v2\/media?parent=7868"}],"wp:term":[{"taxonomy":"category","embeddable":true,"href":"https:\/\/revistatrend.com\/index.php\/wp-json\/wp\/v2\/categories?post=7868"},{"taxonomy":"post_tag","embeddable":true,"href":"https:\/\/revistatrend.com\/index.php\/wp-json\/wp\/v2\/tags?post=7868"}],"curies":[{"name":"wp","href":"https:\/\/api.w.org\/{rel}","templated":true}]}}