{"id":7957,"date":"2024-07-04T18:57:04","date_gmt":"2024-07-04T18:57:04","guid":{"rendered":"https:\/\/revistatrend.com\/?p=7957"},"modified":"2024-07-04T18:57:04","modified_gmt":"2024-07-04T18:57:04","slug":"me-fal-qe-nuk-jam-gruaja-perfekte-fifi-dedikim-te-vecante-partnerit-per-ditelindje-te-dua-shume-o-babi-i-bebit-tim","status":"publish","type":"post","link":"https:\/\/revistatrend.com\/index.php\/2024\/07\/04\/me-fal-qe-nuk-jam-gruaja-perfekte-fifi-dedikim-te-vecante-partnerit-per-ditelindje-te-dua-shume-o-babi-i-bebit-tim\/","title":{"rendered":"&#8220;M\u00eb fal q\u00eb nuk jam gruaja perfekte&#8221;\/ Fifi dedikim t\u00eb ve\u00e7ant\u00eb partnerit p\u00ebr dit\u00eblindje: T\u00eb dua shum\u00eb o babi i bebit tim!"},"content":{"rendered":"<p>Filloreta Ra\u00e7i, e njohur nga t\u00eb gjith\u00eb me merin artistik si Fifi, prej disa vitesh po shijon nj\u00eb romanc\u00eb dashurie me Adis Patushin. Artistja i ka b\u00ebr\u00eb nj\u00eb dedikim me rastin e dit\u00eblindjes. Duke ndar\u00eb foto t\u00eb tij s\u00eb bashku me djalin e tyre Theo Mal, Fifi shkruan:<\/p>\n<p>\u201cM\u00eb fal q\u00eb nuk jam gruaja perfekte po p\u00ebr familjen ton\u00eb t\u00eb vog\u00ebl, p\u00ebr ne, p\u00ebr ty, un\u00eb do t\u00eb b\u00ebj at\u00eb q\u00eb nuk b\u00ebhet. T\u00eb dua shum\u00eb o babi i bebit tem\u201d<\/p>\n<p>Kujtojm\u00eb se ata kan\u00eb bashk\u00eb nj\u00eb f\u00ebmij\u00eb, Theo Mal, i cili erdhi n\u00eb jet\u00eb prillin e vitit t\u00eb kaluar. Adisi ka edhe nj\u00eb djal\u00eb tjet\u00ebr, fryt i dashuris\u00eb me ish-bashk\u00ebshorten e tij, Adrola Dushi.<\/p>\n","protected":false},"excerpt":{"rendered":"<p>Filloreta Ra\u00e7i, e njohur nga t\u00eb gjith\u00eb me merin artistik si Fifi, prej disa vitesh po shijon nj\u00eb romanc\u00eb dashurie me Adis Patushin. Artistja i ka b\u00ebr\u00eb nj\u00eb dedikim me rastin e dit\u00eblindjes. Duke ndar\u00eb foto t\u00eb tij s\u00eb bashku me djalin e tyre Theo Mal, Fifi shkruan: \u201cM\u00eb fal q\u00eb nuk jam gruaja perfekte<\/p>\n","protected":false},"author":1,"featured_media":7958,"comment_status":"open","ping_status":"open","sticky":false,"template":"","format":"standard","meta":{"footnotes":""},"categories":[10],"tags":[],"class_list":{"0":"post-7957","1":"post","2":"type-post","3":"status-publish","4":"format-standard","5":"has-post-thumbnail","7":"category-showbiz"},"_links":{"self":[{"href":"https:\/\/revistatrend.com\/index.php\/wp-json\/wp\/v2\/posts\/7957","targetHints":{"allow":["GET"]}}],"collection":[{"href":"https:\/\/revistatrend.com\/index.php\/wp-json\/wp\/v2\/posts"}],"about":[{"href":"https:\/\/revistatrend.com\/index.php\/wp-json\/wp\/v2\/types\/post"}],"author":[{"embeddable":true,"href":"https:\/\/revistatrend.com\/index.php\/wp-json\/wp\/v2\/users\/1"}],"replies":[{"embeddable":true,"href":"https:\/\/revistatrend.com\/index.php\/wp-json\/wp\/v2\/comments?post=7957"}],"version-history":[{"count":1,"href":"https:\/\/revistatrend.com\/index.php\/wp-json\/wp\/v2\/posts\/7957\/revisions"}],"predecessor-version":[{"id":7959,"href":"https:\/\/revistatrend.com\/index.php\/wp-json\/wp\/v2\/posts\/7957\/revisions\/7959"}],"wp:featuredmedia":[{"embeddable":true,"href":"https:\/\/revistatrend.com\/index.php\/wp-json\/wp\/v2\/media\/7958"}],"wp:attachment":[{"href":"https:\/\/revistatrend.com\/index.php\/wp-json\/wp\/v2\/media?parent=7957"}],"wp:term":[{"taxonomy":"category","embeddable":true,"href":"https:\/\/revistatrend.com\/index.php\/wp-json\/wp\/v2\/categories?post=7957"},{"taxonomy":"post_tag","embeddable":true,"href":"https:\/\/revistatrend.com\/index.php\/wp-json\/wp\/v2\/tags?post=7957"}],"curies":[{"name":"wp","href":"https:\/\/api.w.org\/{rel}","templated":true}]}}