{"id":8059,"date":"2024-09-27T13:32:39","date_gmt":"2024-09-27T13:32:39","guid":{"rendered":"https:\/\/revistatrend.com\/?p=8059"},"modified":"2024-09-27T13:32:39","modified_gmt":"2024-09-27T13:32:39","slug":"mami-e-ciljeta-xhilages-fiton-betejen-me-kancerin","status":"publish","type":"post","link":"https:\/\/revistatrend.com\/index.php\/2024\/09\/27\/mami-e-ciljeta-xhilages-fiton-betejen-me-kancerin\/","title":{"rendered":"Mami e \u00c7iljeta Xhilag\u00ebs fiton betej\u00ebn me kancerin!"},"content":{"rendered":"<p>N\u00ebna e k\u00ebng\u00ebtares s\u00eb njohur \u00c7iljeta Xhailaga ka fituar betej\u00ebn me kancerin. P\u00ebrmes nj\u00eb postimi n\u00eb Instastory, Majlinda Xhilaga shkruan:<\/p>\n<p>&#8220;E fitova betej\u00ebn p\u00ebr jet\u00ebn. Faleminderit Allahut&#8221;.<\/p>\n<p>Kujtojm\u00eb se ka qen\u00eb vet\u00eb \u00c7iljeta e cila gjat\u00eb q\u00ebndrimit n\u00eb FermaVip foli p\u00ebr problemin sh\u00ebndet\u00ebsor me t\u00eb cil\u00ebn po p\u00ebrballej n\u00ebna e saj.<\/p>\n<p><img decoding=\"async\" src=\"https:\/\/cdnimpuls.com\/dritare.net\/media3\/-640-0-66f66cab93d7d.jpg\" alt=\"Foto! N\u00ebna e \u00c7iljeta Xhilag\u00ebs fiton betej\u00ebn me kancerin!\" width=\"100%\" data-size=\"x\" data-id=\"531535\" \/><\/p>\n<p>\u201cKjo e mamit ishte nj\u00eb shok shum\u00eb i madh. Me Zotin para, ka p\u00ebr ta kaluar shum\u00eb shpejt. Kam merakun e flok\u00ebve, sepse \u00ebsht\u00eb kjo procedura q\u00eb po I bien flok\u00ebt dhe a do e p\u00ebrballoj\u00eb dot. I kam th\u00ebn\u00eb q\u00eb do i dalin prap\u00eb. I kam porositur edhe nj\u00eb paruke. \u00cbsht\u00eb n\u00eb faz\u00eb kimio dhe nuk b\u00ebn t\u00eb marr\u00eb vitamina. Un\u00eb prej mamit hyra k\u00ebtu, se m\u00eb tha ik futu se do t\u00eb shikoj 24 or\u00eb. Se un\u00eb e kisha ndar\u00eb mendjen p\u00ebr jo. T\u00eb gjitha takimet, me orare, me data ja kam l\u00ebn\u00eb t\u00eb gjitha gati.<\/p>\n<p>Fat i madh q\u00eb kam nusen dhe \u00e7unat e xhaj\u00ebs n\u00eb Itali se po t\u00eb kishte qen\u00eb vet\u00ebm me mua nuk do ja dilnim dot. Un\u00eb m\u00eb tep\u00ebr isha shoq\u00ebruese psikologjike. Ikin bashk\u00eb b\u00ebjn\u00eb kimiot dhe kthehen prap\u00eb bashk\u00eb\u201d, tregonte \u00c7iljeta.<\/p>\n","protected":false},"excerpt":{"rendered":"<p>N\u00ebna e k\u00ebng\u00ebtares s\u00eb njohur \u00c7iljeta Xhailaga ka fituar betej\u00ebn me kancerin. P\u00ebrmes nj\u00eb postimi n\u00eb Instastory, Majlinda Xhilaga shkruan: &#8220;E fitova betej\u00ebn p\u00ebr jet\u00ebn. Faleminderit Allahut&#8221;. Kujtojm\u00eb se ka qen\u00eb vet\u00eb \u00c7iljeta e cila gjat\u00eb q\u00ebndrimit n\u00eb FermaVip foli p\u00ebr problemin sh\u00ebndet\u00ebsor me t\u00eb cil\u00ebn po p\u00ebrballej n\u00ebna e saj. \u201cKjo e mamit ishte<\/p>\n","protected":false},"author":1,"featured_media":8060,"comment_status":"open","ping_status":"open","sticky":false,"template":"","format":"standard","meta":{"footnotes":""},"categories":[10],"tags":[],"class_list":{"0":"post-8059","1":"post","2":"type-post","3":"status-publish","4":"format-standard","5":"has-post-thumbnail","7":"category-showbiz"},"_links":{"self":[{"href":"https:\/\/revistatrend.com\/index.php\/wp-json\/wp\/v2\/posts\/8059","targetHints":{"allow":["GET"]}}],"collection":[{"href":"https:\/\/revistatrend.com\/index.php\/wp-json\/wp\/v2\/posts"}],"about":[{"href":"https:\/\/revistatrend.com\/index.php\/wp-json\/wp\/v2\/types\/post"}],"author":[{"embeddable":true,"href":"https:\/\/revistatrend.com\/index.php\/wp-json\/wp\/v2\/users\/1"}],"replies":[{"embeddable":true,"href":"https:\/\/revistatrend.com\/index.php\/wp-json\/wp\/v2\/comments?post=8059"}],"version-history":[{"count":1,"href":"https:\/\/revistatrend.com\/index.php\/wp-json\/wp\/v2\/posts\/8059\/revisions"}],"predecessor-version":[{"id":8061,"href":"https:\/\/revistatrend.com\/index.php\/wp-json\/wp\/v2\/posts\/8059\/revisions\/8061"}],"wp:featuredmedia":[{"embeddable":true,"href":"https:\/\/revistatrend.com\/index.php\/wp-json\/wp\/v2\/media\/8060"}],"wp:attachment":[{"href":"https:\/\/revistatrend.com\/index.php\/wp-json\/wp\/v2\/media?parent=8059"}],"wp:term":[{"taxonomy":"category","embeddable":true,"href":"https:\/\/revistatrend.com\/index.php\/wp-json\/wp\/v2\/categories?post=8059"},{"taxonomy":"post_tag","embeddable":true,"href":"https:\/\/revistatrend.com\/index.php\/wp-json\/wp\/v2\/tags?post=8059"}],"curies":[{"name":"wp","href":"https:\/\/api.w.org\/{rel}","templated":true}]}}