{"id":8062,"date":"2024-09-27T13:33:18","date_gmt":"2024-09-27T13:33:18","guid":{"rendered":"https:\/\/revistatrend.com\/?p=8062"},"modified":"2024-09-27T13:33:18","modified_gmt":"2024-09-27T13:33:18","slug":"pse-te-gjithe-po-flasin-per-vajzen-e-ish-presidentit-barack-obama","status":"publish","type":"post","link":"https:\/\/revistatrend.com\/index.php\/2024\/09\/27\/pse-te-gjithe-po-flasin-per-vajzen-e-ish-presidentit-barack-obama\/","title":{"rendered":"Pse t\u00eb gjith\u00eb po flasin p\u00ebr vajz\u00ebn e ish-presidentit Barack Obama!"},"content":{"rendered":"<p>Malia Obama s\u00eb shpejti mund t\u00eb b\u00ebhet nj\u00eb em\u00ebr i madh n\u00eb bot\u00ebn e filmit.<\/p>\n<p>Pasi b\u00ebri debutimin e saj n\u00eb tapetin e kuq n\u00eb fillim t\u00eb k\u00ebtij viti n\u00eb Festivalin e Filmit Sundance, vajza e madhe e ish-presidentit Barack Obama dhe Michelle Obama, ajo u paraqit n\u00eb Festivalin e 50-t\u00eb vjetor t\u00eb Filmit Amerikan Deauville p\u00ebr t\u00eb prezantuar filmin e saj t\u00eb shkurt\u00ebr The Heart. N\u00eb k\u00ebt\u00eb rast madh\u00ebshtor, 26-vje\u00e7arja zgjodhi nj\u00eb veshje mjaft t\u00eb ve\u00e7ant\u00eb, p\u00ebr t\u2019u prezantuar.<\/p>\n<p><img decoding=\"async\" src=\"https:\/\/cdnimpuls.com\/dritare.net\/media3\/-640-0-66e02090f2188.jpg\" alt=\"Pse t\u00eb gjith\u00eb po flasin p\u00ebr vajz\u00ebn e ish-presidentit Obama!\" width=\"100%\" data-size=\"x\" data-id=\"529870\" \/><\/p>\n<p>N\u00eb nj\u00eb intervist\u00eb p\u00ebr Paris Match , Obama foli p\u00ebr pamjen e saj plot stil.<\/p>\n<p>&#8220;Un\u00eb nuk di aq shum\u00eb p\u00ebr mod\u00ebn, por jam e lumtur kur vishem mir\u00eb\u201d.<\/p>\n<p>Filmi i saj i shkurt\u00ebr, The Heart ka fituar \u00e7mimin e par\u00eb Young Spirit, krijuar posa\u00e7\u00ebrisht p\u00ebr edicionin e 50-t\u00eb t\u00eb Festivalit t\u00eb Filmit Deauville.<\/p>\n<p>Dokumentari 18-minut\u00ebsh \u00ebsht\u00eb i pari i Obam\u00ebs dhe eksploron tema t\u00eb vetmis\u00eb, zis\u00eb dhe faljes.<\/p>\n","protected":false},"excerpt":{"rendered":"<p>Malia Obama s\u00eb shpejti mund t\u00eb b\u00ebhet nj\u00eb em\u00ebr i madh n\u00eb bot\u00ebn e filmit. Pasi b\u00ebri debutimin e saj n\u00eb tapetin e kuq n\u00eb fillim t\u00eb k\u00ebtij viti n\u00eb Festivalin e Filmit Sundance, vajza e madhe e ish-presidentit Barack Obama dhe Michelle Obama, ajo u paraqit n\u00eb Festivalin e 50-t\u00eb vjetor t\u00eb Filmit Amerikan<\/p>\n","protected":false},"author":1,"featured_media":8063,"comment_status":"open","ping_status":"open","sticky":false,"template":"","format":"standard","meta":{"footnotes":""},"categories":[10],"tags":[],"class_list":{"0":"post-8062","1":"post","2":"type-post","3":"status-publish","4":"format-standard","5":"has-post-thumbnail","7":"category-showbiz"},"_links":{"self":[{"href":"https:\/\/revistatrend.com\/index.php\/wp-json\/wp\/v2\/posts\/8062","targetHints":{"allow":["GET"]}}],"collection":[{"href":"https:\/\/revistatrend.com\/index.php\/wp-json\/wp\/v2\/posts"}],"about":[{"href":"https:\/\/revistatrend.com\/index.php\/wp-json\/wp\/v2\/types\/post"}],"author":[{"embeddable":true,"href":"https:\/\/revistatrend.com\/index.php\/wp-json\/wp\/v2\/users\/1"}],"replies":[{"embeddable":true,"href":"https:\/\/revistatrend.com\/index.php\/wp-json\/wp\/v2\/comments?post=8062"}],"version-history":[{"count":2,"href":"https:\/\/revistatrend.com\/index.php\/wp-json\/wp\/v2\/posts\/8062\/revisions"}],"predecessor-version":[{"id":8071,"href":"https:\/\/revistatrend.com\/index.php\/wp-json\/wp\/v2\/posts\/8062\/revisions\/8071"}],"wp:featuredmedia":[{"embeddable":true,"href":"https:\/\/revistatrend.com\/index.php\/wp-json\/wp\/v2\/media\/8063"}],"wp:attachment":[{"href":"https:\/\/revistatrend.com\/index.php\/wp-json\/wp\/v2\/media?parent=8062"}],"wp:term":[{"taxonomy":"category","embeddable":true,"href":"https:\/\/revistatrend.com\/index.php\/wp-json\/wp\/v2\/categories?post=8062"},{"taxonomy":"post_tag","embeddable":true,"href":"https:\/\/revistatrend.com\/index.php\/wp-json\/wp\/v2\/tags?post=8062"}],"curies":[{"name":"wp","href":"https:\/\/api.w.org\/{rel}","templated":true}]}}