{"id":8068,"date":"2024-09-27T13:38:26","date_gmt":"2024-09-27T13:38:26","guid":{"rendered":"https:\/\/revistatrend.com\/?p=8068"},"modified":"2024-09-27T13:38:26","modified_gmt":"2024-09-27T13:38:26","slug":"foto-merr-fund-martesa-e-xhensiles-dhe-besit","status":"publish","type":"post","link":"https:\/\/revistatrend.com\/index.php\/2024\/09\/27\/foto-merr-fund-martesa-e-xhensiles-dhe-besit\/","title":{"rendered":"Foto\/ Merr fund martesa e Xhensil\u00ebs dhe Besit!"},"content":{"rendered":"<p>Ish-\u00e7ifti i famsh\u00ebm, Xhensila Myrtezaj dhe Bes Kallaku jan\u00eb paraqitur dit\u00ebn e sotme (26 Shtator) n\u00eb Gjykat\u00ebn e Tiran\u00ebs p\u00ebr t\u00eb zgjidhur martes\u00ebn e tyre disavje\u00e7are.<\/p>\n<p>K\u00ebng\u00ebtarja dhe aktori i humorit kan\u00eb marr\u00eb vendimin p\u00ebr t\u2019i dh\u00ebn\u00eb fund marr\u00ebdh\u00ebnies s\u00eb tyre, nd\u00ebrsa dokumentet e depozituar n\u00eb gjykat\u00eb nga ana e Xhensila Myrtezajt p\u00ebr zgjidhjen e martes\u00ebs kan\u00eb zbuluar detaje nga ndarja e \u00e7iftit, prind\u00ebr t\u00eb dy f\u00ebmij\u00ebve. N\u00eb dokumentet e depozituara n\u00eb gjykata nga ana e k\u00ebng\u00ebtares m\u00ebsohet se ish-\u00e7ifti prej rreth 1 viti nuk jetojn\u00eb s\u00eb bashku. N\u00eb padi thuhet se martesa e tyre ka qen\u00eb harmonike, por n\u00eb dy vitet e fundit marr\u00ebdh\u00ebniet n\u00eb \u00e7ift jan\u00eb acaruar.<\/p>\n<div class=\"d-flex justify-content-center\">\n<div id=\"div-gpt-ad-1631887874155-0\" data-google-query-id=\"COHzyI2f44gDFZixgwcdiPI8jA\">\n<div id=\"google_ads_iframe_\/317720835\/albeu.com_mobile_300x250_1_0__container__\"><span style=\"font-size: 14px; color: var(--c-contrast-800);\">Gjithashtu thuhet se martesa ka mbetur formale, nuk funksionon m\u00eb dhe ka humbur kuptimin e saj p\u00ebr t\u00eb cilin \u00ebsht\u00eb lidhur. <\/span><span style=\"font-size: 14px; color: var(--c-contrast-800);\">Shkak, sipas padis\u00eb,\u00a0<\/span><em style=\"font-size: 14px; color: var(--c-contrast-800);\">\u201ckan\u00eb qen\u00eb keqkuptimet e vazhdueshme, t\u00eb cilat edhe pse me p\u00ebrkushtim nga t\u00eb dyja pal\u00ebt, nuk kan\u00eb gjetur gjuh\u00ebn e p\u00ebrbashk\u00ebt p\u00ebr zgjidhje p\u00ebrfundimtare\u201d.<\/em><\/div>\n<\/div>\n<\/div>\n<p><em>\u201cPadit\u00ebsja Xhensila Kallaku dhe i padituri Besart Kallaku, kan\u00eb lidhur martes\u00eb nd\u00ebrmjet tyre, t\u00eb cil\u00ebn e kan\u00eb celebruar n\u00eb dat\u00eb 13.06.2018, si\u00e7 v\u00ebrtetohet edhe nga certifikata e martes\u00ebs e l\u00ebshuar nga Zyra e Gjendjes Civile 381, Nj\u00ebsia Administrative nr. 9. Pal\u00ebt nd\u00ebrgjyq\u00ebse jan\u00eb njohur me dashuri. <\/em><em>Padit\u00ebsja dhe i padituri jan\u00eb njohur n\u00eb nj\u00eb mosh\u00eb shum\u00eb t\u00eb re. Ata kan\u00eb nd\u00ebrtuar marr\u00ebdh\u00ebnien e tyre mbi baza t\u00eb dashuris\u00eb dhe respektit reciprok. Pal\u00ebt nd\u00ebrgjyq\u00ebse kan\u00eb filluar t\u00eb bashk\u00ebjetojn\u00eb me nj\u00ebri-tjetrin n\u00eb vitin 2011, n\u00eb banes\u00ebn e prind\u00ebrve t\u00eb t\u00eb paditurit. <\/em><em>M\u00eb dat\u00eb 1 (nj\u00eb) Shtator t\u00eb viti 2017 pal\u00ebt kan\u00eb realizuar martes\u00ebn faktike. Pas celebrimit t\u00eb dasm\u00ebs s\u00eb tyre, pal\u00ebt kan\u00eb filluar bashk\u00ebjetes\u00ebn<\/em>\u201d,\u00a0thuhet n\u00eb padin\u00eb e depozituar n\u00eb gjykat\u00eb.<\/p>\n<p>Nd\u00ebrsa vazhdon:<em>\u00a0\u201cMarr\u00ebdh\u00ebniet bashk\u00ebshortore kan\u00eb qen\u00eb t\u00eb mira dhe harmonike. N\u00eb dy vitet e fundit, marr\u00ebdh\u00ebniet n\u00eb \u00e7ift jan\u00eb acaruar, shkak kan\u00eb qen\u00eb keqkuptimet e vazhdueshme, t\u00eb cilat edhe pse me p\u00ebrkushtim nga t\u00eb dyja pal\u00ebt, nuk kan\u00eb gjetur gjuh\u00ebn e p\u00ebrbashk\u00ebt p\u00ebr zgjidhje p\u00ebrfundimtare.<\/em><\/p>\n<p><em>\u00c7ifti ka rreth nj\u00eb vit q\u00eb nuk jetojn\u00eb m\u00eb bashk\u00eb. N\u00eb kushtet q\u00eb martesa ka mbetur formale nuk funksionon m\u00eb, dhe ka humbur kuptimin e saj p\u00ebr t\u00eb cilin \u00ebsht\u00eb lidhur, padit\u00ebsja i drejtohet Gjykat\u00ebs me padi p\u00ebr zgjidhjen e k\u00ebsaj martese dhe rregullimin e pasojave q\u00eb vijn\u00eb prej saj\u201d, deklarohet n\u00eb padin\u00eb p\u00ebr zgjidhje martese pa faj.\u201d<\/em><\/p>\n<p>Xhensila Myrtezaj iu drejtua Gjykat\u00ebs me padi p\u00ebr divorc, pas konfikteve me ish-partnerin e saj p\u00ebr pasurin\u00eb. Fillimisht dyshja tentuan t\u2019i jepnin fund martes\u00ebs me marr\u00ebveshje, por pas k\u00ebrkes\u00ebs s\u00eb aktorit q\u00eb k\u00ebng\u00ebtarja t\u00eb hiqte dor\u00eb nga pasuria u jan\u00eb drejtuar dyerve t\u00eb gjykatave. Padia e par\u00eb e k\u00ebng\u00ebtares p\u00ebr zgjidhjen e martes\u00ebs u kthye mbrapsht nga Gjykata p\u00ebr shkak se nuk e kishte firmosur, por kishte autorizuar avokaten. Gjithashtu u kthye mbrapsht edhe padia e po ashtu p\u00ebr arsye procedurale i \u00ebsht\u00eb kthyer edhe Bes Kallakut. K\u00ebng\u00ebtarja dhe aktori e kan\u00eb ridor\u00ebzuar padin\u00eb t\u00eb plot\u00ebsuar sipas procedurave.<\/p>\n<p>Ndarja e \u00e7iftit t\u00eb njohur, Bes Kallaku dhe Xhensila Myrtezaj, \u00ebsht\u00eb prej koh\u00ebsh n\u00eb qend\u00ebr t\u00eb v\u00ebmendjes.<\/p>\n<p>&nbsp;<\/p>\n","protected":false},"excerpt":{"rendered":"<p>Ish-\u00e7ifti i famsh\u00ebm, Xhensila Myrtezaj dhe Bes Kallaku jan\u00eb paraqitur dit\u00ebn e sotme (26 Shtator) n\u00eb Gjykat\u00ebn e Tiran\u00ebs p\u00ebr t\u00eb zgjidhur martes\u00ebn e tyre disavje\u00e7are. K\u00ebng\u00ebtarja dhe aktori i humorit kan\u00eb marr\u00eb vendimin p\u00ebr t\u2019i dh\u00ebn\u00eb fund marr\u00ebdh\u00ebnies s\u00eb tyre, nd\u00ebrsa dokumentet e depozituar n\u00eb gjykat\u00eb nga ana e Xhensila Myrtezajt p\u00ebr zgjidhjen e<\/p>\n","protected":false},"author":1,"featured_media":8069,"comment_status":"open","ping_status":"open","sticky":false,"template":"","format":"standard","meta":{"footnotes":""},"categories":[10],"tags":[],"class_list":{"0":"post-8068","1":"post","2":"type-post","3":"status-publish","4":"format-standard","5":"has-post-thumbnail","7":"category-showbiz"},"_links":{"self":[{"href":"https:\/\/revistatrend.com\/index.php\/wp-json\/wp\/v2\/posts\/8068","targetHints":{"allow":["GET"]}}],"collection":[{"href":"https:\/\/revistatrend.com\/index.php\/wp-json\/wp\/v2\/posts"}],"about":[{"href":"https:\/\/revistatrend.com\/index.php\/wp-json\/wp\/v2\/types\/post"}],"author":[{"embeddable":true,"href":"https:\/\/revistatrend.com\/index.php\/wp-json\/wp\/v2\/users\/1"}],"replies":[{"embeddable":true,"href":"https:\/\/revistatrend.com\/index.php\/wp-json\/wp\/v2\/comments?post=8068"}],"version-history":[{"count":1,"href":"https:\/\/revistatrend.com\/index.php\/wp-json\/wp\/v2\/posts\/8068\/revisions"}],"predecessor-version":[{"id":8070,"href":"https:\/\/revistatrend.com\/index.php\/wp-json\/wp\/v2\/posts\/8068\/revisions\/8070"}],"wp:featuredmedia":[{"embeddable":true,"href":"https:\/\/revistatrend.com\/index.php\/wp-json\/wp\/v2\/media\/8069"}],"wp:attachment":[{"href":"https:\/\/revistatrend.com\/index.php\/wp-json\/wp\/v2\/media?parent=8068"}],"wp:term":[{"taxonomy":"category","embeddable":true,"href":"https:\/\/revistatrend.com\/index.php\/wp-json\/wp\/v2\/categories?post=8068"},{"taxonomy":"post_tag","embeddable":true,"href":"https:\/\/revistatrend.com\/index.php\/wp-json\/wp\/v2\/tags?post=8068"}],"curies":[{"name":"wp","href":"https:\/\/api.w.org\/{rel}","templated":true}]}}