{"id":8093,"date":"2024-09-30T12:04:18","date_gmt":"2024-09-30T12:04:18","guid":{"rendered":"https:\/\/revistatrend.com\/?p=8093"},"modified":"2024-09-30T12:04:18","modified_gmt":"2024-09-30T12:04:18","slug":"ilnisa-rrefen-takimin-e-pare-te-meritonit-dhe-vajzes-se-saj","status":"publish","type":"post","link":"https:\/\/revistatrend.com\/index.php\/2024\/09\/30\/ilnisa-rrefen-takimin-e-pare-te-meritonit-dhe-vajzes-se-saj\/","title":{"rendered":"Ilnisa rr\u00ebfen takimin e par\u00eb t\u00eb Meritonit dhe vajz\u00ebs s\u00eb saj!"},"content":{"rendered":"<p>Ilnisa Agolli ka rr\u00ebfyer momentin e par\u00eb kur Meriton Mjekiqi \u00ebsht\u00eb takuar me vajz\u00ebn e saj. E ftuar\u00a0 tek\u00a0 \u201cE diela jon\u00eb\u201d, ish-banorja e \u2018Big Brother VIP Albania\u2019 u shpreh se takimi shkoi shum\u00eb mir\u00eb, ashtu si\u00e7 ajo e kishte pritur.<\/p>\n<p>Po ashtu, Ilnisa zbuloi se Meritoni dhe vajza e saj jan\u00eb b\u00ebr\u00eb shum\u00eb shok\u00eb.<br \/>\n<em>\u201cKy ka qen\u00eb takimi i tyre i par\u00eb. Ata jan\u00eb shum\u00eb shok\u00eb, b\u00ebjn\u00eb shum\u00eb gj\u00ebra q\u00eb un\u00eb b\u00ebhem me nerva, b\u00ebjn\u00eb shum\u00eb loj\u00ebra. Takimi i tyre ishte si\u00e7 e kisha pritur. E r\u00ebnd\u00ebsishme \u00ebsht\u00eb q\u00eb ka dashuri shum\u00eb n\u00eb familjen ton\u00eb<\/em>\u201d- u shpreh Ilnisa.<\/p>\n<p>Kujtojm\u00eb se Ilnisa dhe Meritoni u njoh\u00ebn dhe u dashuruan brenda sht\u00ebpis\u00eb s\u00eb \u2018BBV\u2019. Ilnisa \u00ebsht\u00eb n\u00ebn\u00eb e nj\u00eb vajze, nd\u00ebrsa Meritoni ka nj\u00eb djal\u00eb nga lidhja e m\u00ebparshme.<\/p>\n","protected":false},"excerpt":{"rendered":"<p>Ilnisa Agolli ka rr\u00ebfyer momentin e par\u00eb kur Meriton Mjekiqi \u00ebsht\u00eb takuar me vajz\u00ebn e saj. E ftuar\u00a0 tek\u00a0 \u201cE diela jon\u00eb\u201d, ish-banorja e \u2018Big Brother VIP Albania\u2019 u shpreh se takimi shkoi shum\u00eb mir\u00eb, ashtu si\u00e7 ajo e kishte pritur. Po ashtu, Ilnisa zbuloi se Meritoni dhe vajza e saj jan\u00eb b\u00ebr\u00eb shum\u00eb shok\u00eb.<\/p>\n","protected":false},"author":1,"featured_media":8094,"comment_status":"open","ping_status":"open","sticky":false,"template":"","format":"standard","meta":{"footnotes":""},"categories":[10],"tags":[],"class_list":{"0":"post-8093","1":"post","2":"type-post","3":"status-publish","4":"format-standard","5":"has-post-thumbnail","7":"category-showbiz"},"_links":{"self":[{"href":"https:\/\/revistatrend.com\/index.php\/wp-json\/wp\/v2\/posts\/8093","targetHints":{"allow":["GET"]}}],"collection":[{"href":"https:\/\/revistatrend.com\/index.php\/wp-json\/wp\/v2\/posts"}],"about":[{"href":"https:\/\/revistatrend.com\/index.php\/wp-json\/wp\/v2\/types\/post"}],"author":[{"embeddable":true,"href":"https:\/\/revistatrend.com\/index.php\/wp-json\/wp\/v2\/users\/1"}],"replies":[{"embeddable":true,"href":"https:\/\/revistatrend.com\/index.php\/wp-json\/wp\/v2\/comments?post=8093"}],"version-history":[{"count":1,"href":"https:\/\/revistatrend.com\/index.php\/wp-json\/wp\/v2\/posts\/8093\/revisions"}],"predecessor-version":[{"id":8095,"href":"https:\/\/revistatrend.com\/index.php\/wp-json\/wp\/v2\/posts\/8093\/revisions\/8095"}],"wp:featuredmedia":[{"embeddable":true,"href":"https:\/\/revistatrend.com\/index.php\/wp-json\/wp\/v2\/media\/8094"}],"wp:attachment":[{"href":"https:\/\/revistatrend.com\/index.php\/wp-json\/wp\/v2\/media?parent=8093"}],"wp:term":[{"taxonomy":"category","embeddable":true,"href":"https:\/\/revistatrend.com\/index.php\/wp-json\/wp\/v2\/categories?post=8093"},{"taxonomy":"post_tag","embeddable":true,"href":"https:\/\/revistatrend.com\/index.php\/wp-json\/wp\/v2\/tags?post=8093"}],"curies":[{"name":"wp","href":"https:\/\/api.w.org\/{rel}","templated":true}]}}