{"id":8431,"date":"2024-10-11T14:53:50","date_gmt":"2024-10-11T14:53:50","guid":{"rendered":"https:\/\/revistatrend.com\/?p=8431"},"modified":"2024-10-11T14:53:50","modified_gmt":"2024-10-11T14:53:50","slug":"edar-pack-e-specializuar-ne-industrine-e-paketimit-dhe-ambalazhimit","status":"publish","type":"post","link":"https:\/\/revistatrend.com\/index.php\/2024\/10\/11\/edar-pack-e-specializuar-ne-industrine-e-paketimit-dhe-ambalazhimit\/","title":{"rendered":"Edar Pack, e specializuar n\u00eb industrin\u00eb e paketimit dhe ambalazhimit!"},"content":{"rendered":"<p class=\"whitespace-pre-wrap break-words\">Edar Pack \u00ebsht\u00eb nj\u00eb kompani e specializuar n\u00eb industrin\u00eb e paketimit dhe ambalazhimit, duke ofruar zgjidhje inovative dhe t\u00eb q\u00ebndrueshme p\u00ebr bizneset n\u00eb Kosov\u00eb dhe m\u00eb gjer\u00eb. Me fokus n\u00eb cil\u00ebsi, funksionalitet dhe miq\u00ebsi ndaj mjedisit, Edar Pack synon t\u00eb jet\u00eb partneri i besuesh\u00ebm p\u00ebr nevojat e paketimit t\u00eb \u00e7do biznesi.<\/p>\n<h2 class=\"font-600 text-xl font-bold\">Produktet dhe sh\u00ebrbimet kryesore:<\/h2>\n<ol class=\"-mt-1 list-decimal space-y-2 pl-8\">\n<li class=\"whitespace-normal break-words\"><strong>Produkte paketimi<\/strong>:\n<ul class=\"-mt-1 list-disc space-y-2 pl-8\">\n<li class=\"whitespace-normal break-words\">Kuti kartoni t\u00eb personalizuara<\/li>\n<li class=\"whitespace-normal break-words\">Qese letre dhe plastike<\/li>\n<li class=\"whitespace-normal break-words\">Mb\u00ebshtjell\u00ebs plastik\u00eb dhe t\u00eb biodegradush\u00ebm<\/li>\n<li class=\"whitespace-normal break-words\">Shishe dhe kontejner\u00eb p\u00ebr industrin\u00eb ushqimore<\/li>\n<li class=\"whitespace-normal break-words\">Materiale mbush\u00ebse dhe mbrojt\u00ebse<\/li>\n<\/ul>\n<\/li>\n<li class=\"whitespace-normal break-words\"><strong>Zgjidhje p\u00ebr industri specifike<\/strong>:\n<ul class=\"-mt-1 list-disc space-y-2 pl-8\">\n<li class=\"whitespace-normal break-words\">Paketim p\u00ebr industrin\u00eb ushqimore<\/li>\n<li class=\"whitespace-normal break-words\">Paketim p\u00ebr industrin\u00eb farmaceutike<\/li>\n<li class=\"whitespace-normal break-words\">Paketim p\u00ebr industrin\u00eb e kozmetik\u00ebs<\/li>\n<li class=\"whitespace-normal break-words\">Zgjidhje p\u00ebr e-commerce dhe d\u00ebrgesa<\/li>\n<\/ul>\n<\/li>\n<li class=\"whitespace-normal break-words\"><strong>Sh\u00ebrbime t\u00eb personalizimit<\/strong>:\n<ul class=\"-mt-1 list-disc space-y-2 pl-8\">\n<li class=\"whitespace-normal break-words\">Dizajnim grafik p\u00ebr paketime<\/li>\n<li class=\"whitespace-normal break-words\">Printim me cil\u00ebsi t\u00eb lart\u00eb<\/li>\n<li class=\"whitespace-normal break-words\">Zgjidhje t\u00eb personalizuara p\u00ebr branding<\/li>\n<\/ul>\n<\/li>\n<li class=\"whitespace-normal break-words\"><strong>Konsulenc\u00eb dhe planifikim<\/strong>:\n<ul class=\"-mt-1 list-disc space-y-2 pl-8\">\n<li class=\"whitespace-normal break-words\">K\u00ebshillim p\u00ebr zgjedhjen e materialeve t\u00eb p\u00ebrshtatshme<\/li>\n<li class=\"whitespace-normal break-words\">Optimizim i proceseve t\u00eb paketimit<\/li>\n<li class=\"whitespace-normal break-words\">Strategji p\u00ebr paketim t\u00eb q\u00ebndruesh\u00ebm<\/li>\n<\/ul>\n<\/li>\n<li class=\"whitespace-normal break-words\"><strong>Sh\u00ebrbime shtes\u00eb<\/strong>:\n<ul class=\"-mt-1 list-disc space-y-2 pl-8\">\n<li class=\"whitespace-normal break-words\">Magazinim dhe menaxhim inventari<\/li>\n<li class=\"whitespace-normal break-words\">Shp\u00ebrndarje dhe logjistik\u00eb<\/li>\n<li class=\"whitespace-normal break-words\">Trajnime p\u00ebr p\u00ebrdorimin efektiv t\u00eb produkteve<\/li>\n<\/ul>\n<\/li>\n<\/ol>\n","protected":false},"excerpt":{"rendered":"<p>Edar Pack \u00ebsht\u00eb nj\u00eb kompani e specializuar n\u00eb industrin\u00eb e paketimit dhe ambalazhimit, duke ofruar zgjidhje inovative dhe t\u00eb q\u00ebndrueshme p\u00ebr bizneset n\u00eb Kosov\u00eb dhe m\u00eb gjer\u00eb. Me fokus n\u00eb cil\u00ebsi, funksionalitet dhe miq\u00ebsi ndaj mjedisit, Edar Pack synon t\u00eb jet\u00eb partneri i besuesh\u00ebm p\u00ebr nevojat e paketimit t\u00eb \u00e7do biznesi. Produktet dhe sh\u00ebrbimet kryesore:<\/p>\n","protected":false},"author":1,"featured_media":8432,"comment_status":"open","ping_status":"open","sticky":false,"template":"","format":"standard","meta":{"footnotes":""},"categories":[3,32],"tags":[],"class_list":{"0":"post-8431","1":"post","2":"type-post","3":"status-publish","4":"format-standard","5":"has-post-thumbnail","7":"category-awards","8":"category-trend-business"},"_links":{"self":[{"href":"https:\/\/revistatrend.com\/index.php\/wp-json\/wp\/v2\/posts\/8431","targetHints":{"allow":["GET"]}}],"collection":[{"href":"https:\/\/revistatrend.com\/index.php\/wp-json\/wp\/v2\/posts"}],"about":[{"href":"https:\/\/revistatrend.com\/index.php\/wp-json\/wp\/v2\/types\/post"}],"author":[{"embeddable":true,"href":"https:\/\/revistatrend.com\/index.php\/wp-json\/wp\/v2\/users\/1"}],"replies":[{"embeddable":true,"href":"https:\/\/revistatrend.com\/index.php\/wp-json\/wp\/v2\/comments?post=8431"}],"version-history":[{"count":1,"href":"https:\/\/revistatrend.com\/index.php\/wp-json\/wp\/v2\/posts\/8431\/revisions"}],"predecessor-version":[{"id":8433,"href":"https:\/\/revistatrend.com\/index.php\/wp-json\/wp\/v2\/posts\/8431\/revisions\/8433"}],"wp:featuredmedia":[{"embeddable":true,"href":"https:\/\/revistatrend.com\/index.php\/wp-json\/wp\/v2\/media\/8432"}],"wp:attachment":[{"href":"https:\/\/revistatrend.com\/index.php\/wp-json\/wp\/v2\/media?parent=8431"}],"wp:term":[{"taxonomy":"category","embeddable":true,"href":"https:\/\/revistatrend.com\/index.php\/wp-json\/wp\/v2\/categories?post=8431"},{"taxonomy":"post_tag","embeddable":true,"href":"https:\/\/revistatrend.com\/index.php\/wp-json\/wp\/v2\/tags?post=8431"}],"curies":[{"name":"wp","href":"https:\/\/api.w.org\/{rel}","templated":true}]}}