{"id":8987,"date":"2024-10-23T10:00:47","date_gmt":"2024-10-23T10:00:47","guid":{"rendered":"https:\/\/revistatrend.com\/?p=8987"},"modified":"2024-10-23T10:00:47","modified_gmt":"2024-10-23T10:00:47","slug":"barack-obama-kendon-kengen-e-eminem-ne-fushaten-e-harris","status":"publish","type":"post","link":"https:\/\/revistatrend.com\/index.php\/2024\/10\/23\/barack-obama-kendon-kengen-e-eminem-ne-fushaten-e-harris\/","title":{"rendered":"Barack Obama k\u00ebndon k\u00ebng\u00ebn e Eminem n\u00eb fushat\u00ebn e Harris!"},"content":{"rendered":"<p>Eminem mir\u00ebpriti Barack Obam\u00ebn n\u00eb sken\u00eb gjat\u00eb nj\u00eb mitingu p\u00ebr Kamala Harris n\u00eb Michigan, vet\u00ebm dy jav\u00eb para zgjedhjeve presidenciale t\u00eb vitit 2024. Dhe ish-presidenti nuk mundi t\u00eb mos repoj\u00eb nj\u00eb nga hitet m\u00eb t\u00eb m\u00ebdha t\u00eb Eminem. Artisti fitues i Grammy, 52 vje\u00e7, dhe ish-presidenti demokrat, 63 vje\u00e7, ndan\u00eb shkurtimisht sken\u00ebn t\u00eb mart\u00ebn, m\u00eb 22 tetor, n\u00eb Detroit, nd\u00ebrsa treguan mb\u00ebshtetje p\u00ebr fushat\u00ebn e Harris p\u00ebrpara Dit\u00ebs s\u00eb Zgjedhjeve.<\/p>\n<p>Pasi u prezantua nga Eminem, Obama e filloi fjalimin e tij duke cituar k\u00ebng\u00ebn e reperit t\u00eb vitit 2002, &#8220;Lose Yourself.&#8221;<\/p>\n<p>&#8220;Kam b\u00ebr\u00eb shum\u00eb mitingje, k\u00ebshtu q\u00eb zakonisht nuk ndihem nervoz. Por ndjeva di\u00e7ka ndryshe pasi fola pas Eminem,&#8221; tha Obama sapo mori mikrofonin. &#8220;Vura re, duart m\u00eb djersiten, gjunj\u00ebt m\u00eb dridhen, krah\u00ebt m\u00eb r\u00ebndohen, vjell\u00eb mbi bluz\u00ebn time, spageti i mamas\u00eb.&#8221;<\/p>\n<p>Nd\u00ebrsa turma b\u00ebrtiste, Obama vazhdoi t\u00eb recitonte vargjet e k\u00ebng\u00ebs, e cila fitoi nj\u00eb Grammy p\u00ebr K\u00ebng\u00ebn m\u00eb t\u00eb Mir\u00eb Rap dhe Performanc\u00ebn m\u00eb t\u00eb Mir\u00eb Solo Rap Mashkull n\u00eb vitin 2004: &#8220;Jam nervoz, por nga jasht\u00eb dukem i qet\u00eb dhe gati p\u00ebr t\u00eb hedhur bomba, por vazhdoj t\u00eb harroj \u2026\u201d<\/p>\n<p>Obama p\u00ebrfundoi duke k\u00ebnduar muzik\u00ebn hyr\u00ebse t\u00eb famshme dhe i tha turm\u00ebs q\u00eb brohoriste, &#8220;M\u00eb p\u00eblqen shum\u00eb Eminem.&#8221;<\/p>\n","protected":false},"excerpt":{"rendered":"<p>Eminem mir\u00ebpriti Barack Obam\u00ebn n\u00eb sken\u00eb gjat\u00eb nj\u00eb mitingu p\u00ebr Kamala Harris n\u00eb Michigan, vet\u00ebm dy jav\u00eb para zgjedhjeve presidenciale t\u00eb vitit 2024. Dhe ish-presidenti nuk mundi t\u00eb mos repoj\u00eb nj\u00eb nga hitet m\u00eb t\u00eb m\u00ebdha t\u00eb Eminem. Artisti fitues i Grammy, 52 vje\u00e7, dhe ish-presidenti demokrat, 63 vje\u00e7, ndan\u00eb shkurtimisht sken\u00ebn t\u00eb mart\u00ebn, m\u00eb<\/p>\n","protected":false},"author":1,"featured_media":8988,"comment_status":"open","ping_status":"open","sticky":false,"template":"","format":"standard","meta":{"footnotes":""},"categories":[10],"tags":[],"class_list":{"0":"post-8987","1":"post","2":"type-post","3":"status-publish","4":"format-standard","5":"has-post-thumbnail","7":"category-showbiz"},"_links":{"self":[{"href":"https:\/\/revistatrend.com\/index.php\/wp-json\/wp\/v2\/posts\/8987","targetHints":{"allow":["GET"]}}],"collection":[{"href":"https:\/\/revistatrend.com\/index.php\/wp-json\/wp\/v2\/posts"}],"about":[{"href":"https:\/\/revistatrend.com\/index.php\/wp-json\/wp\/v2\/types\/post"}],"author":[{"embeddable":true,"href":"https:\/\/revistatrend.com\/index.php\/wp-json\/wp\/v2\/users\/1"}],"replies":[{"embeddable":true,"href":"https:\/\/revistatrend.com\/index.php\/wp-json\/wp\/v2\/comments?post=8987"}],"version-history":[{"count":1,"href":"https:\/\/revistatrend.com\/index.php\/wp-json\/wp\/v2\/posts\/8987\/revisions"}],"predecessor-version":[{"id":8989,"href":"https:\/\/revistatrend.com\/index.php\/wp-json\/wp\/v2\/posts\/8987\/revisions\/8989"}],"wp:featuredmedia":[{"embeddable":true,"href":"https:\/\/revistatrend.com\/index.php\/wp-json\/wp\/v2\/media\/8988"}],"wp:attachment":[{"href":"https:\/\/revistatrend.com\/index.php\/wp-json\/wp\/v2\/media?parent=8987"}],"wp:term":[{"taxonomy":"category","embeddable":true,"href":"https:\/\/revistatrend.com\/index.php\/wp-json\/wp\/v2\/categories?post=8987"},{"taxonomy":"post_tag","embeddable":true,"href":"https:\/\/revistatrend.com\/index.php\/wp-json\/wp\/v2\/tags?post=8987"}],"curies":[{"name":"wp","href":"https:\/\/api.w.org\/{rel}","templated":true}]}}