{"id":9035,"date":"2024-10-28T11:45:07","date_gmt":"2024-10-28T11:45:07","guid":{"rendered":"https:\/\/revistatrend.com\/?p=9035"},"modified":"2024-10-28T11:45:07","modified_gmt":"2024-10-28T11:45:07","slug":"mua-me-shume-mu-be-mesim-sesa-traume-einxhel-shkira-si-tentuan-te-abuzojne-seksualisht-me-mua-ne-moshen-15-vjecare","status":"publish","type":"post","link":"https:\/\/revistatrend.com\/index.php\/2024\/10\/28\/mua-me-shume-mu-be-mesim-sesa-traume-einxhel-shkira-si-tentuan-te-abuzojne-seksualisht-me-mua-ne-moshen-15-vjecare\/","title":{"rendered":"&#8220;Mua m\u00eb shum\u00eb mu b\u00eb m\u00ebsim sesa traum\u00eb\u201d\/ Einxhel Shkira: Si tentuan t\u00eb abuzojn\u00eb seksualisht me mua n\u00eb mosh\u00ebn 15-vje\u00e7are!"},"content":{"rendered":"<p>Moderatorja Enixhel Shkira rr\u00ebfeu nj\u00eb episod nga jeta e saj n\u00eb emisionin &#8220;Goca dhe Gra&#8221;. nj\u00eb rr\u00ebfim trondit\u00ebs n\u00eb \u201cGoca &amp; Gra\u201d. Ajo tregoi se n\u00eb mosh\u00ebn 15-vje\u00e7are kishin tentuar t\u00eb abuzonin seksualisht, kur ajo p\u00ebrpiqej t\u00eb b\u00ebhej pjes\u00eb e aktiviteteve televizive p\u00ebr f\u00ebmij\u00eb.<br \/>\n\u201cQ\u00eb n\u00eb fillimet e mia, besoj se njer\u00ebzit e din\u00eb, ose dhe s\u2019e din\u00eb q\u00eb kjo bota e showbizz-it, kjo fusha q\u00eb kemi zgjedhur ne \u00ebsht\u00eb e eg\u00ebr n\u00eb format e veta dhe si nj\u00eb vajz\u00eb e vog\u00ebl 15-vje\u00e7are q\u00eb kam dashur t\u00eb merrem me aktivitete, k\u00ebto programet kompetitive q\u00eb kan\u00eb qen\u00eb, nuk e kam menduar kurr\u00eb q\u00eb dikush q\u00eb merret me \u00ebndrrat e t\u00eb rinjve dhe f\u00ebmij\u00ebve, do t\u00eb doj\u00eb t\u00eb abuzoj\u00eb me k\u00ebto \u00ebndrra.<\/p>\n<p>Kur them abuzim, e kam fjal\u00ebn p\u00ebr abuzim t\u00eb mir\u00ebfillt\u00eb p\u00ebr motive p\u00ebrfituese seksuale. Un\u00eb si nj\u00eb person shum\u00eb i fokusuar te ajo q\u00eb doja t\u00eb b\u00ebja, nuk kam dashur kurr\u00eb t\u00eb devijoj\u00eb nga ky rrug\u00ebtim.<\/p>\n<p>Po, m\u00eb ka ndodhur kur kam qen\u00eb 15 vje\u00e7. M\u00eb ka th\u00ebn\u00eb: \u2018Ti nuk di t\u00eb shijosh jet\u00ebn\u2019, sepse donte t\u00eb m\u00eb jepte alkool. Nuk e kam denoncuar sepse at\u00ebher\u00eb mendoj se v\u00ebrtet isha un\u00eb ajo q\u00eb nuk dija t\u00eb shijoja jet\u00ebn. Mua m\u00eb shum\u00eb mu b\u00eb m\u00ebsim sesa traum\u00eb\u201d, u shpreh nd\u00ebr t\u00eb tjera Einxhel.<\/p>\n<p>Ajo tregoi se n\u00eb mosh\u00ebn 15-vje\u00e7are ishte tentuar q\u00eb t\u00eb abuzohej seksualisht, kur ajo p\u00ebrpiqej t\u00eb b\u00ebhej pjes\u00eb e aktiviteteve televizive p\u00ebr f\u00ebmij\u00eb.<\/p>\n<p>\u201cQ\u00eb n\u00eb fillimet e mia, besoj se njer\u00ebzit e din\u00eb, ose dhe s\u2019e din\u00eb q\u00eb kjo bota e showbizz-it, kjo fusha q\u00eb kemi zgjedhur ne \u00ebsht\u00eb e eg\u00ebr n\u00eb format e veta dhe si nj\u00eb vajz\u00eb e vog\u00ebl 15-vje\u00e7are q\u00eb kam dashur t\u00eb merrem me aktivitete, k\u00ebto programet kompetitive q\u00eb kan\u00eb qen\u00eb, nuk e kam menduar kurr\u00eb q\u00eb dikush q\u00eb merret me \u00ebndrrat e t\u00eb rinjve dhe f\u00ebmij\u00ebve, do t\u00eb doj\u00eb t\u00eb abuzoj\u00eb me k\u00ebto \u00ebndrra. Kur them abuzim, e kam fjal\u00ebn p\u00ebr abuzim t\u00eb mir\u00ebfillt\u00eb p\u00ebr motive p\u00ebrfituese seksuale. Un\u00eb si nj\u00eb person shum\u00eb i fokusuar te ajo q\u00eb doja t\u00eb b\u00ebja, nuk kam dashur kurr\u00eb t\u00eb devijoj\u00eb nga ky rrug\u00ebtim.<\/p>\n<p>Po, m\u00eb ka ndodhur kur kam qen\u00eb 15 vje\u00e7. M\u00eb ka th\u00ebn\u00eb: \u2018Ti nuk di t\u00eb shijosh jet\u00ebn\u2019, sepse donte t\u00eb m\u00eb jepte alkool. Nuk e kam denoncuar sepse at\u00ebher\u00eb mendoj se v\u00ebrtet isha un\u00eb ajo q\u00eb nuk dija t\u00eb shijoja jet\u00ebn. Mua m\u00eb shum\u00eb mu b\u00eb m\u00ebsim sesa traum\u00eb\u201d, u shpreh nd\u00ebr t\u00eb tjera Einxhel.<\/p>\n","protected":false},"excerpt":{"rendered":"<p>Moderatorja Enixhel Shkira rr\u00ebfeu nj\u00eb episod nga jeta e saj n\u00eb emisionin &#8220;Goca dhe Gra&#8221;. nj\u00eb rr\u00ebfim trondit\u00ebs n\u00eb \u201cGoca &amp; Gra\u201d. Ajo tregoi se n\u00eb mosh\u00ebn 15-vje\u00e7are kishin tentuar t\u00eb abuzonin seksualisht, kur ajo p\u00ebrpiqej t\u00eb b\u00ebhej pjes\u00eb e aktiviteteve televizive p\u00ebr f\u00ebmij\u00eb. \u201cQ\u00eb n\u00eb fillimet e mia, besoj se njer\u00ebzit e din\u00eb, ose<\/p>\n","protected":false},"author":1,"featured_media":9036,"comment_status":"open","ping_status":"open","sticky":false,"template":"","format":"standard","meta":{"footnotes":""},"categories":[10],"tags":[],"class_list":{"0":"post-9035","1":"post","2":"type-post","3":"status-publish","4":"format-standard","5":"has-post-thumbnail","7":"category-showbiz"},"_links":{"self":[{"href":"https:\/\/revistatrend.com\/index.php\/wp-json\/wp\/v2\/posts\/9035","targetHints":{"allow":["GET"]}}],"collection":[{"href":"https:\/\/revistatrend.com\/index.php\/wp-json\/wp\/v2\/posts"}],"about":[{"href":"https:\/\/revistatrend.com\/index.php\/wp-json\/wp\/v2\/types\/post"}],"author":[{"embeddable":true,"href":"https:\/\/revistatrend.com\/index.php\/wp-json\/wp\/v2\/users\/1"}],"replies":[{"embeddable":true,"href":"https:\/\/revistatrend.com\/index.php\/wp-json\/wp\/v2\/comments?post=9035"}],"version-history":[{"count":1,"href":"https:\/\/revistatrend.com\/index.php\/wp-json\/wp\/v2\/posts\/9035\/revisions"}],"predecessor-version":[{"id":9037,"href":"https:\/\/revistatrend.com\/index.php\/wp-json\/wp\/v2\/posts\/9035\/revisions\/9037"}],"wp:featuredmedia":[{"embeddable":true,"href":"https:\/\/revistatrend.com\/index.php\/wp-json\/wp\/v2\/media\/9036"}],"wp:attachment":[{"href":"https:\/\/revistatrend.com\/index.php\/wp-json\/wp\/v2\/media?parent=9035"}],"wp:term":[{"taxonomy":"category","embeddable":true,"href":"https:\/\/revistatrend.com\/index.php\/wp-json\/wp\/v2\/categories?post=9035"},{"taxonomy":"post_tag","embeddable":true,"href":"https:\/\/revistatrend.com\/index.php\/wp-json\/wp\/v2\/tags?post=9035"}],"curies":[{"name":"wp","href":"https:\/\/api.w.org\/{rel}","templated":true}]}}