{"id":9178,"date":"2024-11-04T17:56:07","date_gmt":"2024-11-04T17:56:07","guid":{"rendered":"https:\/\/revistatrend.com\/?p=9178"},"modified":"2024-11-04T17:56:07","modified_gmt":"2024-11-04T17:56:07","slug":"studentja-ne-iran-shkon-e-zhveshur-ne-univeristet-thyen-kodin-e-rrepte-te-veshjes","status":"publish","type":"post","link":"https:\/\/revistatrend.com\/index.php\/2024\/11\/04\/studentja-ne-iran-shkon-e-zhveshur-ne-univeristet-thyen-kodin-e-rrepte-te-veshjes\/","title":{"rendered":"Studentja n\u00eb Iran shkon e zhveshur n\u00eb univeristet, thyen kodin e rrept\u00eb t\u00eb veshjes!"},"content":{"rendered":"<p>Nj\u00eb studente \u00ebsht\u00eb zhveshur me t\u00eb brendshme dhe doli n\u00eb ambientet e jashtme t\u00eb universitetit t\u00eb saj n\u00eb Iran. CNN raporton se disa student\u00eb dhe grupe t\u00eb t\u00eb drejtave thon\u00eb se ishte nj\u00eb protest\u00eb kund\u00ebr kodit t\u00eb rrept\u00eb t\u00eb veshjes islame t\u00eb vendit.<br \/>\nNj\u00eb video q\u00eb qarkullon n\u00eb mediat sociale dhe e shp\u00ebrndar\u00eb nga grupi i t\u00eb drejtave t\u00eb njeriut Amnesty International tregon vajz\u00ebn e ulur jasht\u00eb universitetit me t\u00eb brendshme dhe me flok\u00ebt e saj t\u00eb zbuluar.<\/p>\n<p>Ajo b\u00ebn gjeste drejt koleg\u00ebve t\u00eb saj student\u00eb, shum\u00eb prej t\u00eb cil\u00ebve jan\u00eb femra dhe t\u00eb veshur me shami, p\u00ebrpara se t\u00eb sh\u00ebtisin n\u00ebp\u00ebr ambiente. Nj\u00eb video tjet\u00ebr e tregon at\u00eb duke ecur n\u00ebp\u00ebr nj\u00eb rrug\u00eb, ende n\u00eb nj\u00eb gjendje t\u00eb zhveshur, p\u00ebrpara se nj\u00eb grup burrash ta rrethojn\u00eb, ta futin n\u00eb nj\u00eb makin\u00eb dhe t\u00eb largohen.<\/p>\n<p>Amnesty tha t\u00eb shtun\u00ebn se gruaja ishte arrestuar me dhun\u00eb pasi ajo protestoi kund\u00ebr kodit t\u00eb veshjes n\u00eb Universitetin Islamik Azad t\u00eb Teheranit.<\/p>\n","protected":false},"excerpt":{"rendered":"<p>Nj\u00eb studente \u00ebsht\u00eb zhveshur me t\u00eb brendshme dhe doli n\u00eb ambientet e jashtme t\u00eb universitetit t\u00eb saj n\u00eb Iran. CNN raporton se disa student\u00eb dhe grupe t\u00eb t\u00eb drejtave thon\u00eb se ishte nj\u00eb protest\u00eb kund\u00ebr kodit t\u00eb rrept\u00eb t\u00eb veshjes islame t\u00eb vendit. Nj\u00eb video q\u00eb qarkullon n\u00eb mediat sociale dhe e shp\u00ebrndar\u00eb nga grupi<\/p>\n","protected":false},"author":1,"featured_media":9179,"comment_status":"open","ping_status":"open","sticky":false,"template":"","format":"standard","meta":{"footnotes":""},"categories":[2],"tags":[],"class_list":{"0":"post-9178","1":"post","2":"type-post","3":"status-publish","4":"format-standard","5":"has-post-thumbnail","7":"category-lifestyle"},"_links":{"self":[{"href":"https:\/\/revistatrend.com\/index.php\/wp-json\/wp\/v2\/posts\/9178","targetHints":{"allow":["GET"]}}],"collection":[{"href":"https:\/\/revistatrend.com\/index.php\/wp-json\/wp\/v2\/posts"}],"about":[{"href":"https:\/\/revistatrend.com\/index.php\/wp-json\/wp\/v2\/types\/post"}],"author":[{"embeddable":true,"href":"https:\/\/revistatrend.com\/index.php\/wp-json\/wp\/v2\/users\/1"}],"replies":[{"embeddable":true,"href":"https:\/\/revistatrend.com\/index.php\/wp-json\/wp\/v2\/comments?post=9178"}],"version-history":[{"count":1,"href":"https:\/\/revistatrend.com\/index.php\/wp-json\/wp\/v2\/posts\/9178\/revisions"}],"predecessor-version":[{"id":9180,"href":"https:\/\/revistatrend.com\/index.php\/wp-json\/wp\/v2\/posts\/9178\/revisions\/9180"}],"wp:featuredmedia":[{"embeddable":true,"href":"https:\/\/revistatrend.com\/index.php\/wp-json\/wp\/v2\/media\/9179"}],"wp:attachment":[{"href":"https:\/\/revistatrend.com\/index.php\/wp-json\/wp\/v2\/media?parent=9178"}],"wp:term":[{"taxonomy":"category","embeddable":true,"href":"https:\/\/revistatrend.com\/index.php\/wp-json\/wp\/v2\/categories?post=9178"},{"taxonomy":"post_tag","embeddable":true,"href":"https:\/\/revistatrend.com\/index.php\/wp-json\/wp\/v2\/tags?post=9178"}],"curies":[{"name":"wp","href":"https:\/\/api.w.org\/{rel}","templated":true}]}}