{"id":9191,"date":"2024-11-04T18:45:40","date_gmt":"2024-11-04T18:45:40","guid":{"rendered":"https:\/\/revistatrend.com\/?p=9191"},"modified":"2024-11-04T18:45:40","modified_gmt":"2024-11-04T18:45:40","slug":"shkendije-pacolli-top-trend-business-influencers-2024","status":"publish","type":"post","link":"https:\/\/revistatrend.com\/index.php\/2024\/11\/04\/shkendije-pacolli-top-trend-business-influencers-2024\/","title":{"rendered":"Shkendije Pacolli \u2013 Top Trend Business Influencers 2024"},"content":{"rendered":"<p><strong>Shkendije Pacolli \u2013 Top Trend Business Influencers 2024<\/strong><\/p>\n<p>Shkendije Pacolli, e p\u00ebrzgjedhur me t\u00eb drejt\u00eb n\u00eb \u201cTop Trend Business Influencers 2024,\u201d \u00ebsht\u00eb nj\u00eb frym\u00eb e re n\u00eb bot\u00ebn e konsulenc\u00ebs psikologjike, duke u b\u00ebr\u00eb udh\u00ebrr\u00ebfyese p\u00ebr ata q\u00eb p\u00ebrballen me streset dhe presionet e p\u00ebrditshme. Me nj\u00eb p\u00ebrkushtim q\u00eb prek thell\u00ebsisht \u00e7do njeri q\u00eb i afrohet, Shkendija p\u00ebr\u00e7on urt\u00ebsin\u00eb e nj\u00eb jete m\u00eb t\u00eb qet\u00eb dhe m\u00eb t\u00eb ekuilibruar, duke ngritur nj\u00eb platform\u00eb q\u00eb p\u00ebrhap mesazhe shprese dhe qet\u00ebsie n\u00eb nj\u00eb bot\u00eb gjithnj\u00eb e m\u00eb t\u00eb tensionuar.<\/p>\n<p><img fetchpriority=\"high\" decoding=\"async\" class=\"alignnone size-full wp-image-9192\" src=\"https:\/\/revistatrend.com\/wp-content\/uploads\/2024\/11\/Screenshot-2024-02-08T143650.618.png\" alt=\"\" width=\"1262\" height=\"615\" srcset=\"https:\/\/revistatrend.com\/wp-content\/uploads\/2024\/11\/Screenshot-2024-02-08T143650.618.png 1262w, https:\/\/revistatrend.com\/wp-content\/uploads\/2024\/11\/Screenshot-2024-02-08T143650.618-300x146.png 300w, https:\/\/revistatrend.com\/wp-content\/uploads\/2024\/11\/Screenshot-2024-02-08T143650.618-1024x499.png 1024w, https:\/\/revistatrend.com\/wp-content\/uploads\/2024\/11\/Screenshot-2024-02-08T143650.618-768x374.png 768w, https:\/\/revistatrend.com\/wp-content\/uploads\/2024\/11\/Screenshot-2024-02-08T143650.618-150x73.png 150w, https:\/\/revistatrend.com\/wp-content\/uploads\/2024\/11\/Screenshot-2024-02-08T143650.618-450x219.png 450w, https:\/\/revistatrend.com\/wp-content\/uploads\/2024\/11\/Screenshot-2024-02-08T143650.618-1200x585.png 1200w\" sizes=\"(max-width: 1262px) 100vw, 1262px\" \/><\/p>\n<p>&#8220;Pa qet\u00ebsi t\u00eb brendshme, nuk mund t\u00eb ket\u00eb kuptim n\u00eb jet\u00eb,&#8221; thoshte dikur filozofi i madh Epikuri, dhe kjo \u00ebsht\u00eb thelbi i filozofis\u00eb q\u00eb Shkendija p\u00ebrcjell p\u00ebrmes angazhimit t\u00eb saj t\u00eb pal\u00ebkundur. Si konsulente psikologjike p\u00ebr menaxhimin e stresit, ajo nuk ofron vet\u00ebm teknika praktike, por nj\u00eb dor\u00eb t\u00eb fort\u00eb dhe t\u00eb ngroht\u00eb p\u00ebr t\u00eb gjith\u00eb ata q\u00eb k\u00ebrkojn\u00eb leht\u00ebsim dhe udh\u00ebzim n\u00eb betejat e p\u00ebrditshme. N\u00eb rrjetet sociale, ajo krijon nj\u00eb komunitet mb\u00ebshtet\u00ebs dhe inspirues, ku \u00e7do individ mund t\u00eb gjej\u00eb k\u00ebshilla t\u00eb vlefshme dhe t\u00eb nd\u00ebrtoj\u00eb nj\u00eb jet\u00eb m\u00eb t\u00eb q\u00ebndrueshme.<\/p>\n<p>N\u00eb fjal\u00ebt dhe veprimet e saj, Shkendija Pacolli shfaq fuqin\u00eb e vet\u00ebdijes dhe t\u00eb menaxhimit t\u00eb ndjenjave, duke u b\u00ebr\u00eb nj\u00eb shembull i gjall\u00eb i asaj se si, p\u00ebrmes p\u00ebrkushtimit dhe p\u00ebrkujdesjes, mund t\u00eb nd\u00ebrtohet nj\u00eb shoq\u00ebri m\u00eb e lumtur dhe m\u00eb pozitive. Ajo nuk ndalet tek dh\u00ebnia e k\u00ebshillave, por nd\u00ebrton lidhje t\u00eb sinqerta me ndjek\u00ebsit e saj, duke i ndihmuar t\u00eb kuptojn\u00eb se fuqia p\u00ebr t\u00eb p\u00ebrballuar sfidat e jet\u00ebs gjendet brenda vet\u00eb zemr\u00ebs s\u00eb tyre.<\/p>\n<p><img decoding=\"async\" class=\"alignnone size-full wp-image-9193\" src=\"https:\/\/revistatrend.com\/wp-content\/uploads\/2024\/11\/ff215093-ad77-4793-a9f1-52dfa78e9828.webp\" alt=\"\" width=\"960\" height=\"960\" srcset=\"https:\/\/revistatrend.com\/wp-content\/uploads\/2024\/11\/ff215093-ad77-4793-a9f1-52dfa78e9828.webp 960w, https:\/\/revistatrend.com\/wp-content\/uploads\/2024\/11\/ff215093-ad77-4793-a9f1-52dfa78e9828-300x300.webp 300w, https:\/\/revistatrend.com\/wp-content\/uploads\/2024\/11\/ff215093-ad77-4793-a9f1-52dfa78e9828-150x150.webp 150w, https:\/\/revistatrend.com\/wp-content\/uploads\/2024\/11\/ff215093-ad77-4793-a9f1-52dfa78e9828-768x768.webp 768w, https:\/\/revistatrend.com\/wp-content\/uploads\/2024\/11\/ff215093-ad77-4793-a9f1-52dfa78e9828-450x450.webp 450w\" sizes=\"(max-width: 960px) 100vw, 960px\" \/><\/p>\n<p>Me vizionin e saj p\u00ebr nj\u00eb t\u00eb ardhme ku \u00e7do individ ndjen siguri dhe qet\u00ebsi, Shkendija \u00ebsht\u00eb nj\u00eb fener shprese q\u00eb ndri\u00e7on rrug\u00ebt e atyre q\u00eb luftojn\u00eb p\u00ebr t\u00eb gjetur paqen e tyre t\u00eb brendshme. Ajo ndihmon ndjek\u00ebsit t\u00eb shohin p\u00ebrtej kaosit t\u00eb p\u00ebrditsh\u00ebm dhe t\u2019i afrohen nj\u00eb jete m\u00eb t\u00eb qet\u00eb dhe t\u00eb mbushur me mir\u00ebsi \u2013 duke sjell\u00eb me vete nj\u00eb mesazh t\u00eb r\u00ebnd\u00ebsish\u00ebm: se lumturia dhe ekuilibri nuk jan\u00eb luks, por t\u00eb drejta t\u00eb secilit prej nesh<\/p>\n<p><strong>Ngjarja m\u00eb e pritur e sip\u00ebrmarr\u00ebsve n\u00eb Shqip\u00ebri, kategoria \u201cTop Trend Business Influencers,\u201d sjell nism\u00ebn m\u00eb t\u00eb re t\u00eb vler\u00ebsimit p\u00ebr personazhet e dalluar n\u00eb biznes, sip\u00ebrmarrje, art, muzik\u00eb, shkenc\u00eb, sh\u00ebndet dhe shum\u00eb fusha t\u00eb tjera. Kjo ngjarje kulmore do t\u00eb p\u00ebrmbyllet me finalen e madhe t\u00eb \u201cAwards Business Trend 2024\u201d. P\u00ebr her\u00eb t\u00eb par\u00eb, nj\u00eb maraton\u00eb televizive do t\u00eb prezantoj\u00eb m\u00eb t\u00eb mir\u00ebt, t\u00eb renditur sipas ndikimit t\u00eb tyre n\u00eb mediat sociale. Ky event pritet t\u00eb shnd\u00ebrrohet n\u00eb momentin ky\u00e7 t\u00eb vitit p\u00ebr sip\u00ebrmarr\u00ebsit shqiptar\u00eb ne te gjithe boten.<\/strong><\/p>\n","protected":false},"excerpt":{"rendered":"<p>Shkendije Pacolli \u2013 Top Trend Business Influencers 2024 Shkendije Pacolli, e p\u00ebrzgjedhur me t\u00eb drejt\u00eb n\u00eb \u201cTop Trend Business Influencers 2024,\u201d \u00ebsht\u00eb nj\u00eb frym\u00eb e re n\u00eb bot\u00ebn e konsulenc\u00ebs psikologjike, duke u b\u00ebr\u00eb udh\u00ebrr\u00ebfyese p\u00ebr ata q\u00eb p\u00ebrballen me streset dhe presionet e p\u00ebrditshme. Me nj\u00eb p\u00ebrkushtim q\u00eb prek thell\u00ebsisht \u00e7do njeri q\u00eb i<\/p>\n","protected":false},"author":1,"featured_media":9192,"comment_status":"open","ping_status":"open","sticky":false,"template":"","format":"standard","meta":{"footnotes":""},"categories":[128,30],"tags":[],"class_list":{"0":"post-9191","1":"post","2":"type-post","3":"status-publish","4":"format-standard","5":"has-post-thumbnail","7":"category-business-influencers","8":"category-entrepreneurs"},"_links":{"self":[{"href":"https:\/\/revistatrend.com\/index.php\/wp-json\/wp\/v2\/posts\/9191","targetHints":{"allow":["GET"]}}],"collection":[{"href":"https:\/\/revistatrend.com\/index.php\/wp-json\/wp\/v2\/posts"}],"about":[{"href":"https:\/\/revistatrend.com\/index.php\/wp-json\/wp\/v2\/types\/post"}],"author":[{"embeddable":true,"href":"https:\/\/revistatrend.com\/index.php\/wp-json\/wp\/v2\/users\/1"}],"replies":[{"embeddable":true,"href":"https:\/\/revistatrend.com\/index.php\/wp-json\/wp\/v2\/comments?post=9191"}],"version-history":[{"count":1,"href":"https:\/\/revistatrend.com\/index.php\/wp-json\/wp\/v2\/posts\/9191\/revisions"}],"predecessor-version":[{"id":9194,"href":"https:\/\/revistatrend.com\/index.php\/wp-json\/wp\/v2\/posts\/9191\/revisions\/9194"}],"wp:featuredmedia":[{"embeddable":true,"href":"https:\/\/revistatrend.com\/index.php\/wp-json\/wp\/v2\/media\/9192"}],"wp:attachment":[{"href":"https:\/\/revistatrend.com\/index.php\/wp-json\/wp\/v2\/media?parent=9191"}],"wp:term":[{"taxonomy":"category","embeddable":true,"href":"https:\/\/revistatrend.com\/index.php\/wp-json\/wp\/v2\/categories?post=9191"},{"taxonomy":"post_tag","embeddable":true,"href":"https:\/\/revistatrend.com\/index.php\/wp-json\/wp\/v2\/tags?post=9191"}],"curies":[{"name":"wp","href":"https:\/\/api.w.org\/{rel}","templated":true}]}}